{"id":758,"date":"2019-09-22T08:23:13","date_gmt":"2019-09-22T08:23:13","guid":{"rendered":"http:\/\/www.jeanlouislaville.fr\/?p=758"},"modified":"2019-10-10T10:31:19","modified_gmt":"2019-10-10T10:31:19","slug":"vers-une-economie-plurielle-un-travail-une-activite-un-revenu-pour-tous","status":"publish","type":"post","link":"https:\/\/www.jeanlouislaville.fr\/index.php\/2019\/09\/22\/vers-une-economie-plurielle-un-travail-une-activite-un-revenu-pour-tous\/","title":{"rendered":"Vers une \u00e9conomie plurielle \u2013 Un travail, une activit\u00e9, un revenu pour tous"},"content":{"rendered":"\n<p>Guy Aznar, Alain Caill\u00e9, Jacques Robin, Roger Sue, Jean-Louis Laville<br>\u00c9ditions Syros, 1997<br><br>Quel avenir se forge notre soci\u00e9t\u00e9\u00a0? Le ch\u00f4mage est-il incurable\u00a0? Les emplois  \u00ab jeunes \u00bb du gouvernement socialiste sont-ils un nouveau cache-mis\u00e8re? La r\u00e9duction du temps de travail est-elle une action g\u00e9n\u00e9reuse ou calamiteuse ? <\/p>\n\n\n\n<!--more-->\n\n\n\n<p>Faut-il \u00e9couter ceux qui ne jurent que par la lib\u00e9ralisation des \u00e9changes mondiaux, ou ceux qui ne croient plus qu\u2019\u00e0 la d\u00e9brouille ? C\u2019est pour donner du sens \u00e0 \u00a0\u00ab ce bruit et \u00e0 cette fureur \u00bb du monde qu\u2019il faut lire Guy Aznar, Alain Caill\u00e9, Jean-Louis Laville, Jacques Robin et Roger Sue. Pionniers, chacun \u00e0 leur fa\u00e7on, de r\u00e9flexions et de propositions novatrices sur le revenu minimum, sur le temps de travail et sur ces activit\u00e9s construisant une \u00a0\u00ab \u00e9conomie solidaire \u00bb\u00a0, un \u00a0\u00ab tiers secteur \u00bb ou un \u00a0\u00ab secteur quaternaire \u00bb\u00a0, les auteurs proposent ici les lignes de force d\u2019un projet \u00e9conomique et politique visant \u00e0 d\u00e9passer la crise du salariat : ce qu\u2019ils appellent \u00a0\u00ab \u00e9conomie plurielle \u00bb est une fa\u00e7on de concevoir l\u2019\u00e9conomie pour sortir du face-\u00e0-face entre l\u2019\u00c9tat et le march\u00e9, afin d\u2019agir concr\u00e8tement sur le terrain \u00e9conomique, politique, associatif\u2026 Cet ensemble coh\u00e9rent de propositions, d\u00e9j\u00e0 exp\u00e9riment\u00e9es, en France ou ailleurs, ne peut laisser personne indiff\u00e9rent. Ce livre en forme de d\u00e9bat \u2013 la d\u00e9mocratie se nourrit des diff\u00e9rences \u2013 ouvre de nombreuses portes \u00e0 ceux pour qui le capitalisme n\u2019est pas un horizon ind\u00e9passable.<br><a href=\"http:\/\/www.librairie-sciencespo.fr\/essais-d-economie\/essais-par-auteurs\/livre\/vers-un-nouveau-contrat-social\/jean-louis--laville--g--roustang\/9782220048062.html\">Pour se procurer l\u2019ouvrage, suivez ce lien (Librairie Sciences Po)<\/a><\/p>\n","protected":false},"excerpt":{"rendered":"<p>Guy Aznar, Alain Caill\u00e9, Jacques Robin, Roger Sue, Jean-Louis Laville\u00c9ditions Syros, 1997 Quel avenir se forge notre soci\u00e9t\u00e9\u00a0? Le ch\u00f4mage est-il incurable\u00a0? Les emplois \u00ab jeunes \u00bb du gouvernement socialiste sont-ils un nouveau cache-mis\u00e8re? La r\u00e9duction du temps de travail est-elle une action g\u00e9n\u00e9reuse ou calamiteuse ?<\/p>\n","protected":false},"author":2,"featured_media":767,"comment_status":"closed","ping_status":"closed","sticky":false,"template":"","format":"standard","meta":{"_et_pb_use_builder":"off","_et_pb_old_content":"","_et_gb_content_width":"","footnotes":"","twitterCardType":"","cardImageID":0,"cardImage":"","cardTitle":"","cardDesc":"","cardImageAlt":"","cardPlayer":"","cardPlayerWidth":0,"cardPlayerHeight":0,"cardPlayerStream":"","cardPlayerCodec":""},"categories":[21],"tags":[],"yoast_head":"<!-- This site is optimized with the Yoast SEO plugin v21.9.1 - https:\/\/yoast.com\/wordpress\/plugins\/seo\/ -->\n<title>Vers une \u00e9conomie plurielle \u2013 Un travail, une activit\u00e9, un revenu pour tous - Jean-Louis Laville<\/title>\n<meta name=\"robots\" content=\"index, follow, max-snippet:-1, max-image-preview:large, max-video-preview:-1\" \/>\n<link rel=\"canonical\" href=\"https:\/\/www.jeanlouislaville.fr\/index.php\/2019\/09\/22\/vers-une-economie-plurielle-un-travail-une-activite-un-revenu-pour-tous\/\" \/>\n<meta property=\"og:locale\" content=\"fr_FR\" \/>\n<meta property=\"og:type\" content=\"article\" \/>\n<meta property=\"og:title\" content=\"Vers une \u00e9conomie plurielle \u2013 Un travail, une activit\u00e9, un revenu pour tous - Jean-Louis Laville\" \/>\n<meta property=\"og:description\" content=\"Guy Aznar, Alain Caill\u00e9, Jacques Robin, Roger Sue, Jean-Louis Laville\u00c9ditions Syros, 1997 Quel avenir se forge notre soci\u00e9t\u00e9\u00a0? Le ch\u00f4mage est-il incurable\u00a0? Les emplois \u00ab jeunes \u00bb du gouvernement socialiste sont-ils un nouveau cache-mis\u00e8re? La r\u00e9duction du temps de travail est-elle une action g\u00e9n\u00e9reuse ou calamiteuse ?\" \/>\n<meta property=\"og:url\" content=\"https:\/\/www.jeanlouislaville.fr\/index.php\/2019\/09\/22\/vers-une-economie-plurielle-un-travail-une-activite-un-revenu-pour-tous\/\" \/>\n<meta property=\"og:site_name\" content=\"Jean-Louis Laville\" \/>\n<meta property=\"article:published_time\" content=\"2019-09-22T08:23:13+00:00\" \/>\n<meta property=\"article:modified_time\" content=\"2019-10-10T10:31:19+00:00\" \/>\n<meta property=\"og:image\" content=\"https:\/\/www.jeanlouislaville.fr\/wp-content\/uploads\/2019\/09\/vers-une-economie-plurielle-183x300.jpg\" \/>\n\t<meta property=\"og:image:width\" content=\"183\" \/>\n\t<meta property=\"og:image:height\" content=\"300\" \/>\n\t<meta property=\"og:image:type\" content=\"image\/jpeg\" \/>\n<meta name=\"author\" content=\"cecile\" \/>\n<meta name=\"twitter:card\" content=\"summary_large_image\" \/>\n<meta name=\"twitter:creator\" content=\"@jlLaville\" \/>\n<meta name=\"twitter:site\" content=\"@jlLaville\" \/>\n<meta name=\"twitter:label1\" content=\"\u00c9crit par\" \/>\n\t<meta name=\"twitter:data1\" content=\"cecile\" \/>\n\t<meta name=\"twitter:label2\" content=\"Dur\u00e9e de lecture estim\u00e9e\" \/>\n\t<meta name=\"twitter:data2\" content=\"1 minute\" \/>\n<script type=\"application\/ld+json\" class=\"yoast-schema-graph\">{\"@context\":\"https:\/\/schema.org\",\"@graph\":[{\"@type\":\"Article\",\"@id\":\"https:\/\/www.jeanlouislaville.fr\/index.php\/2019\/09\/22\/vers-une-economie-plurielle-un-travail-une-activite-un-revenu-pour-tous\/#article\",\"isPartOf\":{\"@id\":\"https:\/\/www.jeanlouislaville.fr\/index.php\/2019\/09\/22\/vers-une-economie-plurielle-un-travail-une-activite-un-revenu-pour-tous\/\"},\"author\":{\"name\":\"cecile\",\"@id\":\"https:\/\/www.jeanlouislaville.fr\/#\/schema\/person\/67e0d1cd258e23e8950f68c116fc6721\"},\"headline\":\"Vers une \u00e9conomie plurielle \u2013 Un travail, une activit\u00e9, un revenu pour tous\",\"datePublished\":\"2019-09-22T08:23:13+00:00\",\"dateModified\":\"2019-10-10T10:31:19+00:00\",\"mainEntityOfPage\":{\"@id\":\"https:\/\/www.jeanlouislaville.fr\/index.php\/2019\/09\/22\/vers-une-economie-plurielle-un-travail-une-activite-un-revenu-pour-tous\/\"},\"wordCount\":271,\"publisher\":{\"@id\":\"https:\/\/www.jeanlouislaville.fr\/#organization\"},\"articleSection\":[\"Socio eco ouvrages\"],\"inLanguage\":\"fr-FR\"},{\"@type\":\"WebPage\",\"@id\":\"https:\/\/www.jeanlouislaville.fr\/index.php\/2019\/09\/22\/vers-une-economie-plurielle-un-travail-une-activite-un-revenu-pour-tous\/\",\"url\":\"https:\/\/www.jeanlouislaville.fr\/index.php\/2019\/09\/22\/vers-une-economie-plurielle-un-travail-une-activite-un-revenu-pour-tous\/\",\"name\":\"Vers une \u00e9conomie plurielle \u2013 Un travail, une activit\u00e9, un revenu pour tous - Jean-Louis Laville\",\"isPartOf\":{\"@id\":\"https:\/\/www.jeanlouislaville.fr\/#website\"},\"datePublished\":\"2019-09-22T08:23:13+00:00\",\"dateModified\":\"2019-10-10T10:31:19+00:00\",\"breadcrumb\":{\"@id\":\"https:\/\/www.jeanlouislaville.fr\/index.php\/2019\/09\/22\/vers-une-economie-plurielle-un-travail-une-activite-un-revenu-pour-tous\/#breadcrumb\"},\"inLanguage\":\"fr-FR\",\"potentialAction\":[{\"@type\":\"ReadAction\",\"target\":[\"https:\/\/www.jeanlouislaville.fr\/index.php\/2019\/09\/22\/vers-une-economie-plurielle-un-travail-une-activite-un-revenu-pour-tous\/\"]}]},{\"@type\":\"BreadcrumbList\",\"@id\":\"https:\/\/www.jeanlouislaville.fr\/index.php\/2019\/09\/22\/vers-une-economie-plurielle-un-travail-une-activite-un-revenu-pour-tous\/#breadcrumb\",\"itemListElement\":[{\"@type\":\"ListItem\",\"position\":1,\"name\":\"Accueil\",\"item\":\"https:\/\/www.jeanlouislaville.fr\/\"},{\"@type\":\"ListItem\",\"position\":2,\"name\":\"Vers une \u00e9conomie plurielle \u2013 Un travail, une activit\u00e9, un revenu pour tous\"}]},{\"@type\":\"WebSite\",\"@id\":\"https:\/\/www.jeanlouislaville.fr\/#website\",\"url\":\"https:\/\/www.jeanlouislaville.fr\/\",\"name\":\"Jean-Louis Laville\",\"description\":\"\u00c9conomie Sociale &amp; Solidaire\",\"publisher\":{\"@id\":\"https:\/\/www.jeanlouislaville.fr\/#organization\"},\"potentialAction\":[{\"@type\":\"SearchAction\",\"target\":{\"@type\":\"EntryPoint\",\"urlTemplate\":\"https:\/\/www.jeanlouislaville.fr\/?s={search_term_string}\"},\"query-input\":\"required name=search_term_string\"}],\"inLanguage\":\"fr-FR\"},{\"@type\":\"Organization\",\"@id\":\"https:\/\/www.jeanlouislaville.fr\/#organization\",\"name\":\"Jean-Louis Laville\",\"url\":\"https:\/\/www.jeanlouislaville.fr\/\",\"logo\":{\"@type\":\"ImageObject\",\"inLanguage\":\"fr-FR\",\"@id\":\"https:\/\/www.jeanlouislaville.fr\/#\/schema\/logo\/image\/\",\"url\":\"http:\/\/www.jeanlouislaville.fr\/wp-content\/uploads\/2019\/10\/logoResponsive.png\",\"contentUrl\":\"http:\/\/www.jeanlouislaville.fr\/wp-content\/uploads\/2019\/10\/logoResponsive.png\",\"width\":630,\"height\":93,\"caption\":\"Jean-Louis Laville\"},\"image\":{\"@id\":\"https:\/\/www.jeanlouislaville.fr\/#\/schema\/logo\/image\/\"},\"sameAs\":[\"https:\/\/twitter.com\/jlLaville\"]},{\"@type\":\"Person\",\"@id\":\"https:\/\/www.jeanlouislaville.fr\/#\/schema\/person\/67e0d1cd258e23e8950f68c116fc6721\",\"name\":\"cecile\",\"image\":{\"@type\":\"ImageObject\",\"inLanguage\":\"fr-FR\",\"@id\":\"https:\/\/www.jeanlouislaville.fr\/#\/schema\/person\/image\/\",\"url\":\"https:\/\/secure.gravatar.com\/avatar\/b95c45c53f150671635c5f4393776151?s=96&d=mm&r=g\",\"contentUrl\":\"https:\/\/secure.gravatar.com\/avatar\/b95c45c53f150671635c5f4393776151?s=96&d=mm&r=g\",\"caption\":\"cecile\"},\"url\":\"https:\/\/www.jeanlouislaville.fr\/index.php\/author\/cecile\/\"}]}<\/script>\n<!-- \/ Yoast SEO plugin. -->","yoast_head_json":{"title":"Vers une \u00e9conomie plurielle \u2013 Un travail, une activit\u00e9, un revenu pour tous - Jean-Louis Laville","robots":{"index":"index","follow":"follow","max-snippet":"max-snippet:-1","max-image-preview":"max-image-preview:large","max-video-preview":"max-video-preview:-1"},"canonical":"https:\/\/www.jeanlouislaville.fr\/index.php\/2019\/09\/22\/vers-une-economie-plurielle-un-travail-une-activite-un-revenu-pour-tous\/","og_locale":"fr_FR","og_type":"article","og_title":"Vers une \u00e9conomie plurielle \u2013 Un travail, une activit\u00e9, un revenu pour tous - Jean-Louis Laville","og_description":"Guy Aznar, Alain Caill\u00e9, Jacques Robin, Roger Sue, Jean-Louis Laville\u00c9ditions Syros, 1997 Quel avenir se forge notre soci\u00e9t\u00e9\u00a0? Le ch\u00f4mage est-il incurable\u00a0? Les emplois \u00ab jeunes \u00bb du gouvernement socialiste sont-ils un nouveau cache-mis\u00e8re? La r\u00e9duction du temps de travail est-elle une action g\u00e9n\u00e9reuse ou calamiteuse ?","og_url":"https:\/\/www.jeanlouislaville.fr\/index.php\/2019\/09\/22\/vers-une-economie-plurielle-un-travail-une-activite-un-revenu-pour-tous\/","og_site_name":"Jean-Louis Laville","article_published_time":"2019-09-22T08:23:13+00:00","article_modified_time":"2019-10-10T10:31:19+00:00","og_image":[{"width":183,"height":300,"url":"https:\/\/www.jeanlouislaville.fr\/wp-content\/uploads\/2019\/09\/vers-une-economie-plurielle-183x300.jpg","type":"image\/jpeg"}],"author":"cecile","twitter_card":"summary_large_image","twitter_creator":"@jlLaville","twitter_site":"@jlLaville","twitter_misc":{"\u00c9crit par":"cecile","Dur\u00e9e de lecture estim\u00e9e":"1 minute"},"schema":{"@context":"https:\/\/schema.org","@graph":[{"@type":"Article","@id":"https:\/\/www.jeanlouislaville.fr\/index.php\/2019\/09\/22\/vers-une-economie-plurielle-un-travail-une-activite-un-revenu-pour-tous\/#article","isPartOf":{"@id":"https:\/\/www.jeanlouislaville.fr\/index.php\/2019\/09\/22\/vers-une-economie-plurielle-un-travail-une-activite-un-revenu-pour-tous\/"},"author":{"name":"cecile","@id":"https:\/\/www.jeanlouislaville.fr\/#\/schema\/person\/67e0d1cd258e23e8950f68c116fc6721"},"headline":"Vers une \u00e9conomie plurielle \u2013 Un travail, une activit\u00e9, un revenu pour tous","datePublished":"2019-09-22T08:23:13+00:00","dateModified":"2019-10-10T10:31:19+00:00","mainEntityOfPage":{"@id":"https:\/\/www.jeanlouislaville.fr\/index.php\/2019\/09\/22\/vers-une-economie-plurielle-un-travail-une-activite-un-revenu-pour-tous\/"},"wordCount":271,"publisher":{"@id":"https:\/\/www.jeanlouislaville.fr\/#organization"},"articleSection":["Socio eco ouvrages"],"inLanguage":"fr-FR"},{"@type":"WebPage","@id":"https:\/\/www.jeanlouislaville.fr\/index.php\/2019\/09\/22\/vers-une-economie-plurielle-un-travail-une-activite-un-revenu-pour-tous\/","url":"https:\/\/www.jeanlouislaville.fr\/index.php\/2019\/09\/22\/vers-une-economie-plurielle-un-travail-une-activite-un-revenu-pour-tous\/","name":"Vers une \u00e9conomie plurielle \u2013 Un travail, une activit\u00e9, un revenu pour tous - Jean-Louis Laville","isPartOf":{"@id":"https:\/\/www.jeanlouislaville.fr\/#website"},"datePublished":"2019-09-22T08:23:13+00:00","dateModified":"2019-10-10T10:31:19+00:00","breadcrumb":{"@id":"https:\/\/www.jeanlouislaville.fr\/index.php\/2019\/09\/22\/vers-une-economie-plurielle-un-travail-une-activite-un-revenu-pour-tous\/#breadcrumb"},"inLanguage":"fr-FR","potentialAction":[{"@type":"ReadAction","target":["https:\/\/www.jeanlouislaville.fr\/index.php\/2019\/09\/22\/vers-une-economie-plurielle-un-travail-une-activite-un-revenu-pour-tous\/"]}]},{"@type":"BreadcrumbList","@id":"https:\/\/www.jeanlouislaville.fr\/index.php\/2019\/09\/22\/vers-une-economie-plurielle-un-travail-une-activite-un-revenu-pour-tous\/#breadcrumb","itemListElement":[{"@type":"ListItem","position":1,"name":"Accueil","item":"https:\/\/www.jeanlouislaville.fr\/"},{"@type":"ListItem","position":2,"name":"Vers une \u00e9conomie plurielle \u2013 Un travail, une activit\u00e9, un revenu pour tous"}]},{"@type":"WebSite","@id":"https:\/\/www.jeanlouislaville.fr\/#website","url":"https:\/\/www.jeanlouislaville.fr\/","name":"Jean-Louis Laville","description":"\u00c9conomie Sociale &amp; Solidaire","publisher":{"@id":"https:\/\/www.jeanlouislaville.fr\/#organization"},"potentialAction":[{"@type":"SearchAction","target":{"@type":"EntryPoint","urlTemplate":"https:\/\/www.jeanlouislaville.fr\/?s={search_term_string}"},"query-input":"required name=search_term_string"}],"inLanguage":"fr-FR"},{"@type":"Organization","@id":"https:\/\/www.jeanlouislaville.fr\/#organization","name":"Jean-Louis Laville","url":"https:\/\/www.jeanlouislaville.fr\/","logo":{"@type":"ImageObject","inLanguage":"fr-FR","@id":"https:\/\/www.jeanlouislaville.fr\/#\/schema\/logo\/image\/","url":"http:\/\/www.jeanlouislaville.fr\/wp-content\/uploads\/2019\/10\/logoResponsive.png","contentUrl":"http:\/\/www.jeanlouislaville.fr\/wp-content\/uploads\/2019\/10\/logoResponsive.png","width":630,"height":93,"caption":"Jean-Louis Laville"},"image":{"@id":"https:\/\/www.jeanlouislaville.fr\/#\/schema\/logo\/image\/"},"sameAs":["https:\/\/twitter.com\/jlLaville"]},{"@type":"Person","@id":"https:\/\/www.jeanlouislaville.fr\/#\/schema\/person\/67e0d1cd258e23e8950f68c116fc6721","name":"cecile","image":{"@type":"ImageObject","inLanguage":"fr-FR","@id":"https:\/\/www.jeanlouislaville.fr\/#\/schema\/person\/image\/","url":"https:\/\/secure.gravatar.com\/avatar\/b95c45c53f150671635c5f4393776151?s=96&d=mm&r=g","contentUrl":"https:\/\/secure.gravatar.com\/avatar\/b95c45c53f150671635c5f4393776151?s=96&d=mm&r=g","caption":"cecile"},"url":"https:\/\/www.jeanlouislaville.fr\/index.php\/author\/cecile\/"}]}},"_links":{"self":[{"href":"https:\/\/www.jeanlouislaville.fr\/index.php\/wp-json\/wp\/v2\/posts\/758"}],"collection":[{"href":"https:\/\/www.jeanlouislaville.fr\/index.php\/wp-json\/wp\/v2\/posts"}],"about":[{"href":"https:\/\/www.jeanlouislaville.fr\/index.php\/wp-json\/wp\/v2\/types\/post"}],"author":[{"embeddable":true,"href":"https:\/\/www.jeanlouislaville.fr\/index.php\/wp-json\/wp\/v2\/users\/2"}],"replies":[{"embeddable":true,"href":"https:\/\/www.jeanlouislaville.fr\/index.php\/wp-json\/wp\/v2\/comments?post=758"}],"version-history":[{"count":4,"href":"https:\/\/www.jeanlouislaville.fr\/index.php\/wp-json\/wp\/v2\/posts\/758\/revisions"}],"predecessor-version":[{"id":1715,"href":"https:\/\/www.jeanlouislaville.fr\/index.php\/wp-json\/wp\/v2\/posts\/758\/revisions\/1715"}],"wp:featuredmedia":[{"embeddable":true,"href":"https:\/\/www.jeanlouislaville.fr\/index.php\/wp-json\/wp\/v2\/media\/767"}],"wp:attachment":[{"href":"https:\/\/www.jeanlouislaville.fr\/index.php\/wp-json\/wp\/v2\/media?parent=758"}],"wp:term":[{"taxonomy":"category","embeddable":true,"href":"https:\/\/www.jeanlouislaville.fr\/index.php\/wp-json\/wp\/v2\/categories?post=758"},{"taxonomy":"post_tag","embeddable":true,"href":"https:\/\/www.jeanlouislaville.fr\/index.php\/wp-json\/wp\/v2\/tags?post=758"}],"curies":[{"name":"wp","href":"https:\/\/api.w.org\/{rel}","templated":true}]}}