{"id":818,"date":"2019-09-22T12:49:33","date_gmt":"2019-09-22T12:49:33","guid":{"rendered":"http:\/\/www.jeanlouislaville.fr\/?p=818"},"modified":"2019-11-18T16:12:01","modified_gmt":"2019-11-18T16:12:01","slug":"linnovation-sociale","status":"publish","type":"post","link":"http:\/\/www.jeanlouislaville.fr\/index.php\/2019\/09\/22\/linnovation-sociale\/","title":{"rendered":"L\u2019innovation sociale"},"content":{"rendered":"\n<p>Sous la direction de Juan-Luis Klein, Jean-Louis Laville et Frank Moulaert<br>Toulouse, \u00c9ditions \u00e9r\u00e8s, 2014<br><br>Des politiques en faveur de l\u2019innovation sociale se mettent en place \u00e0 diff\u00e9rents niveaux (local, r\u00e9gional, national, europ\u00e9en). Pour autant et malgr\u00e9 l\u2019augmentation exponentielle des r\u00e9f\u00e9rences dans la litt\u00e9rature internationale, peut-on s\u2019accorder sur une vision de l\u2019innovation sociale ?<\/p>\n\n\n\n<!--more-->\n\n\n\n<p> Pour les auteurs r\u00e9unis ici, elle ne constitue ni une recette ni la simple diffusion de ce qu\u2019on appelle des \u00ab bonnes pratiques \u00bb, qui op\u00e8reraient dans des syst\u00e8mes \u00e9conomiques et sociaux inchang\u00e9s. en effet, les capacit\u00e9s d\u2019initiative de la soci\u00e9t\u00e9 civile exigent des changements dans les cadres institutionnels pour\u00a0 construire un nouveau mod\u00e8le de soci\u00e9t\u00e9 inclusif, solidaire et \u00e9cologique.<br>\u00c0 partir de l\u2019exp\u00e9rience et des acquis de trois \u00e9quipes de recherche qui y r\u00e9fl\u00e9chissent depuis plus de vingt ans, cet ouvrage alimente le d\u00e9bat th\u00e9orique sur l\u2019innovation sociale. Il explique aussi pourquoi la th\u00e9matique est apparue dans une p\u00e9riode de mutations contemporaines et montre l\u2019importance pratique qu\u2019elle peut rev\u00eatir \u00e0 travers des exemples de territoires comme de secteurs.<br><\/p>\n\n\n\n<p><a href=\"http:\/\/www.librairie-sciencespo.fr\/economie-mondiale\/care-economie-solidaire\/livre\/l-innovation-sociale\/juan-luis-klein--jean-louis--laville--franck--moulaert\/9782749239491.html\">Pour se procurer l\u2019ouvrage, suivez ce lien (Librairie Sciences Po)<\/a><br>\n<a href=\"http:\/\/www.editions-eres.com\/parutions\/societe\/sociologie-economique\/p3266-innovation-sociale-l-.htm\">Ou celui-ci (\u00c9ditions \u00e9r\u00e8s)<\/a><\/p>\n","protected":false},"excerpt":{"rendered":"<p>Sous la direction de Juan-Luis Klein, Jean-Louis Laville et Frank MoulaertToulouse, \u00c9ditions \u00e9r\u00e8s, 2014 Des politiques en faveur de l\u2019innovation sociale se mettent en place \u00e0 diff\u00e9rents niveaux (local, r\u00e9gional, national, europ\u00e9en). Pour autant et malgr\u00e9 l\u2019augmentation exponentielle des r\u00e9f\u00e9rences dans la litt\u00e9rature internationale, peut-on s\u2019accorder sur une vision de l\u2019innovation sociale ?<\/p>\n","protected":false},"author":2,"featured_media":819,"comment_status":"closed","ping_status":"closed","sticky":false,"template":"","format":"standard","meta":{"_et_pb_use_builder":"off","_et_pb_old_content":"","_et_gb_content_width":"","footnotes":"","twitterCardType":"","cardImageID":0,"cardImage":"","cardTitle":"","cardDesc":"","cardImageAlt":"","cardPlayer":"","cardPlayerWidth":0,"cardPlayerHeight":0,"cardPlayerStream":"","cardPlayerCodec":""},"categories":[19],"tags":[],"yoast_head":"<!-- This site is optimized with the Yoast SEO plugin v21.9.1 - https:\/\/yoast.com\/wordpress\/plugins\/seo\/ -->\n<title>L\u2019innovation sociale - Jean-Louis Laville<\/title>\n<meta name=\"robots\" content=\"index, follow, max-snippet:-1, max-image-preview:large, max-video-preview:-1\" \/>\n<link rel=\"canonical\" href=\"http:\/\/www.jeanlouislaville.fr\/index.php\/2019\/09\/22\/linnovation-sociale\/\" \/>\n<meta property=\"og:locale\" content=\"fr_FR\" \/>\n<meta property=\"og:type\" content=\"article\" \/>\n<meta property=\"og:title\" content=\"L\u2019innovation sociale - Jean-Louis Laville\" \/>\n<meta property=\"og:description\" content=\"Sous la direction de Juan-Luis Klein, Jean-Louis Laville et Frank MoulaertToulouse, \u00c9ditions \u00e9r\u00e8s, 2014 Des politiques en faveur de l\u2019innovation sociale se mettent en place \u00e0 diff\u00e9rents niveaux (local, r\u00e9gional, national, europ\u00e9en). Pour autant et malgr\u00e9 l\u2019augmentation exponentielle des r\u00e9f\u00e9rences dans la litt\u00e9rature internationale, peut-on s\u2019accorder sur une vision de l\u2019innovation sociale ?\" \/>\n<meta property=\"og:url\" content=\"http:\/\/www.jeanlouislaville.fr\/index.php\/2019\/09\/22\/linnovation-sociale\/\" \/>\n<meta property=\"og:site_name\" content=\"Jean-Louis Laville\" \/>\n<meta property=\"article:published_time\" content=\"2019-09-22T12:49:33+00:00\" \/>\n<meta property=\"article:modified_time\" content=\"2019-11-18T16:12:01+00:00\" \/>\n<meta property=\"og:image\" content=\"http:\/\/www.jeanlouislaville.fr\/wp-content\/uploads\/2019\/09\/Linnovation-sociale-188x300.jpg\" \/>\n\t<meta property=\"og:image:width\" content=\"188\" \/>\n\t<meta property=\"og:image:height\" content=\"300\" \/>\n\t<meta property=\"og:image:type\" content=\"image\/jpeg\" \/>\n<meta name=\"author\" content=\"cecile\" \/>\n<meta name=\"twitter:card\" content=\"summary_large_image\" \/>\n<meta name=\"twitter:creator\" content=\"@jlLaville\" \/>\n<meta name=\"twitter:site\" content=\"@jlLaville\" \/>\n<meta name=\"twitter:label1\" content=\"\u00c9crit par\" \/>\n\t<meta name=\"twitter:data1\" content=\"cecile\" \/>\n\t<meta name=\"twitter:label2\" content=\"Dur\u00e9e de lecture estim\u00e9e\" \/>\n\t<meta name=\"twitter:data2\" content=\"1 minute\" \/>\n<script type=\"application\/ld+json\" class=\"yoast-schema-graph\">{\"@context\":\"https:\/\/schema.org\",\"@graph\":[{\"@type\":\"Article\",\"@id\":\"http:\/\/www.jeanlouislaville.fr\/index.php\/2019\/09\/22\/linnovation-sociale\/#article\",\"isPartOf\":{\"@id\":\"http:\/\/www.jeanlouislaville.fr\/index.php\/2019\/09\/22\/linnovation-sociale\/\"},\"author\":{\"name\":\"cecile\",\"@id\":\"http:\/\/www.jeanlouislaville.fr\/#\/schema\/person\/67e0d1cd258e23e8950f68c116fc6721\"},\"headline\":\"L\u2019innovation sociale\",\"datePublished\":\"2019-09-22T12:49:33+00:00\",\"dateModified\":\"2019-11-18T16:12:01+00:00\",\"mainEntityOfPage\":{\"@id\":\"http:\/\/www.jeanlouislaville.fr\/index.php\/2019\/09\/22\/linnovation-sociale\/\"},\"wordCount\":217,\"publisher\":{\"@id\":\"http:\/\/www.jeanlouislaville.fr\/#organization\"},\"articleSection\":[\"Entreprises sociales ouvrages\"],\"inLanguage\":\"fr-FR\"},{\"@type\":\"WebPage\",\"@id\":\"http:\/\/www.jeanlouislaville.fr\/index.php\/2019\/09\/22\/linnovation-sociale\/\",\"url\":\"http:\/\/www.jeanlouislaville.fr\/index.php\/2019\/09\/22\/linnovation-sociale\/\",\"name\":\"L\u2019innovation sociale - Jean-Louis Laville\",\"isPartOf\":{\"@id\":\"http:\/\/www.jeanlouislaville.fr\/#website\"},\"datePublished\":\"2019-09-22T12:49:33+00:00\",\"dateModified\":\"2019-11-18T16:12:01+00:00\",\"breadcrumb\":{\"@id\":\"http:\/\/www.jeanlouislaville.fr\/index.php\/2019\/09\/22\/linnovation-sociale\/#breadcrumb\"},\"inLanguage\":\"fr-FR\",\"potentialAction\":[{\"@type\":\"ReadAction\",\"target\":[\"http:\/\/www.jeanlouislaville.fr\/index.php\/2019\/09\/22\/linnovation-sociale\/\"]}]},{\"@type\":\"BreadcrumbList\",\"@id\":\"http:\/\/www.jeanlouislaville.fr\/index.php\/2019\/09\/22\/linnovation-sociale\/#breadcrumb\",\"itemListElement\":[{\"@type\":\"ListItem\",\"position\":1,\"name\":\"Accueil\",\"item\":\"http:\/\/www.jeanlouislaville.fr\/\"},{\"@type\":\"ListItem\",\"position\":2,\"name\":\"L\u2019innovation sociale\"}]},{\"@type\":\"WebSite\",\"@id\":\"http:\/\/www.jeanlouislaville.fr\/#website\",\"url\":\"http:\/\/www.jeanlouislaville.fr\/\",\"name\":\"Jean-Louis Laville\",\"description\":\"\u00c9conomie Sociale &amp; Solidaire\",\"publisher\":{\"@id\":\"http:\/\/www.jeanlouislaville.fr\/#organization\"},\"potentialAction\":[{\"@type\":\"SearchAction\",\"target\":{\"@type\":\"EntryPoint\",\"urlTemplate\":\"http:\/\/www.jeanlouislaville.fr\/?s={search_term_string}\"},\"query-input\":\"required name=search_term_string\"}],\"inLanguage\":\"fr-FR\"},{\"@type\":\"Organization\",\"@id\":\"http:\/\/www.jeanlouislaville.fr\/#organization\",\"name\":\"Jean-Louis Laville\",\"url\":\"http:\/\/www.jeanlouislaville.fr\/\",\"logo\":{\"@type\":\"ImageObject\",\"inLanguage\":\"fr-FR\",\"@id\":\"http:\/\/www.jeanlouislaville.fr\/#\/schema\/logo\/image\/\",\"url\":\"http:\/\/www.jeanlouislaville.fr\/wp-content\/uploads\/2019\/10\/logoResponsive.png\",\"contentUrl\":\"http:\/\/www.jeanlouislaville.fr\/wp-content\/uploads\/2019\/10\/logoResponsive.png\",\"width\":630,\"height\":93,\"caption\":\"Jean-Louis Laville\"},\"image\":{\"@id\":\"http:\/\/www.jeanlouislaville.fr\/#\/schema\/logo\/image\/\"},\"sameAs\":[\"https:\/\/twitter.com\/jlLaville\"]},{\"@type\":\"Person\",\"@id\":\"http:\/\/www.jeanlouislaville.fr\/#\/schema\/person\/67e0d1cd258e23e8950f68c116fc6721\",\"name\":\"cecile\",\"image\":{\"@type\":\"ImageObject\",\"inLanguage\":\"fr-FR\",\"@id\":\"http:\/\/www.jeanlouislaville.fr\/#\/schema\/person\/image\/\",\"url\":\"http:\/\/2.gravatar.com\/avatar\/b95c45c53f150671635c5f4393776151?s=96&d=mm&r=g\",\"contentUrl\":\"http:\/\/2.gravatar.com\/avatar\/b95c45c53f150671635c5f4393776151?s=96&d=mm&r=g\",\"caption\":\"cecile\"},\"url\":\"http:\/\/www.jeanlouislaville.fr\/index.php\/author\/cecile\/\"}]}<\/script>\n<!-- \/ Yoast SEO plugin. -->","yoast_head_json":{"title":"L\u2019innovation sociale - Jean-Louis Laville","robots":{"index":"index","follow":"follow","max-snippet":"max-snippet:-1","max-image-preview":"max-image-preview:large","max-video-preview":"max-video-preview:-1"},"canonical":"http:\/\/www.jeanlouislaville.fr\/index.php\/2019\/09\/22\/linnovation-sociale\/","og_locale":"fr_FR","og_type":"article","og_title":"L\u2019innovation sociale - Jean-Louis Laville","og_description":"Sous la direction de Juan-Luis Klein, Jean-Louis Laville et Frank MoulaertToulouse, \u00c9ditions \u00e9r\u00e8s, 2014 Des politiques en faveur de l\u2019innovation sociale se mettent en place \u00e0 diff\u00e9rents niveaux (local, r\u00e9gional, national, europ\u00e9en). Pour autant et malgr\u00e9 l\u2019augmentation exponentielle des r\u00e9f\u00e9rences dans la litt\u00e9rature internationale, peut-on s\u2019accorder sur une vision de l\u2019innovation sociale ?","og_url":"http:\/\/www.jeanlouislaville.fr\/index.php\/2019\/09\/22\/linnovation-sociale\/","og_site_name":"Jean-Louis Laville","article_published_time":"2019-09-22T12:49:33+00:00","article_modified_time":"2019-11-18T16:12:01+00:00","og_image":[{"width":188,"height":300,"url":"http:\/\/www.jeanlouislaville.fr\/wp-content\/uploads\/2019\/09\/Linnovation-sociale-188x300.jpg","type":"image\/jpeg"}],"author":"cecile","twitter_card":"summary_large_image","twitter_creator":"@jlLaville","twitter_site":"@jlLaville","twitter_misc":{"\u00c9crit par":"cecile","Dur\u00e9e de lecture estim\u00e9e":"1 minute"},"schema":{"@context":"https:\/\/schema.org","@graph":[{"@type":"Article","@id":"http:\/\/www.jeanlouislaville.fr\/index.php\/2019\/09\/22\/linnovation-sociale\/#article","isPartOf":{"@id":"http:\/\/www.jeanlouislaville.fr\/index.php\/2019\/09\/22\/linnovation-sociale\/"},"author":{"name":"cecile","@id":"http:\/\/www.jeanlouislaville.fr\/#\/schema\/person\/67e0d1cd258e23e8950f68c116fc6721"},"headline":"L\u2019innovation sociale","datePublished":"2019-09-22T12:49:33+00:00","dateModified":"2019-11-18T16:12:01+00:00","mainEntityOfPage":{"@id":"http:\/\/www.jeanlouislaville.fr\/index.php\/2019\/09\/22\/linnovation-sociale\/"},"wordCount":217,"publisher":{"@id":"http:\/\/www.jeanlouislaville.fr\/#organization"},"articleSection":["Entreprises sociales ouvrages"],"inLanguage":"fr-FR"},{"@type":"WebPage","@id":"http:\/\/www.jeanlouislaville.fr\/index.php\/2019\/09\/22\/linnovation-sociale\/","url":"http:\/\/www.jeanlouislaville.fr\/index.php\/2019\/09\/22\/linnovation-sociale\/","name":"L\u2019innovation sociale - Jean-Louis Laville","isPartOf":{"@id":"http:\/\/www.jeanlouislaville.fr\/#website"},"datePublished":"2019-09-22T12:49:33+00:00","dateModified":"2019-11-18T16:12:01+00:00","breadcrumb":{"@id":"http:\/\/www.jeanlouislaville.fr\/index.php\/2019\/09\/22\/linnovation-sociale\/#breadcrumb"},"inLanguage":"fr-FR","potentialAction":[{"@type":"ReadAction","target":["http:\/\/www.jeanlouislaville.fr\/index.php\/2019\/09\/22\/linnovation-sociale\/"]}]},{"@type":"BreadcrumbList","@id":"http:\/\/www.jeanlouislaville.fr\/index.php\/2019\/09\/22\/linnovation-sociale\/#breadcrumb","itemListElement":[{"@type":"ListItem","position":1,"name":"Accueil","item":"http:\/\/www.jeanlouislaville.fr\/"},{"@type":"ListItem","position":2,"name":"L\u2019innovation sociale"}]},{"@type":"WebSite","@id":"http:\/\/www.jeanlouislaville.fr\/#website","url":"http:\/\/www.jeanlouislaville.fr\/","name":"Jean-Louis Laville","description":"\u00c9conomie Sociale &amp; Solidaire","publisher":{"@id":"http:\/\/www.jeanlouislaville.fr\/#organization"},"potentialAction":[{"@type":"SearchAction","target":{"@type":"EntryPoint","urlTemplate":"http:\/\/www.jeanlouislaville.fr\/?s={search_term_string}"},"query-input":"required name=search_term_string"}],"inLanguage":"fr-FR"},{"@type":"Organization","@id":"http:\/\/www.jeanlouislaville.fr\/#organization","name":"Jean-Louis Laville","url":"http:\/\/www.jeanlouislaville.fr\/","logo":{"@type":"ImageObject","inLanguage":"fr-FR","@id":"http:\/\/www.jeanlouislaville.fr\/#\/schema\/logo\/image\/","url":"http:\/\/www.jeanlouislaville.fr\/wp-content\/uploads\/2019\/10\/logoResponsive.png","contentUrl":"http:\/\/www.jeanlouislaville.fr\/wp-content\/uploads\/2019\/10\/logoResponsive.png","width":630,"height":93,"caption":"Jean-Louis Laville"},"image":{"@id":"http:\/\/www.jeanlouislaville.fr\/#\/schema\/logo\/image\/"},"sameAs":["https:\/\/twitter.com\/jlLaville"]},{"@type":"Person","@id":"http:\/\/www.jeanlouislaville.fr\/#\/schema\/person\/67e0d1cd258e23e8950f68c116fc6721","name":"cecile","image":{"@type":"ImageObject","inLanguage":"fr-FR","@id":"http:\/\/www.jeanlouislaville.fr\/#\/schema\/person\/image\/","url":"http:\/\/2.gravatar.com\/avatar\/b95c45c53f150671635c5f4393776151?s=96&d=mm&r=g","contentUrl":"http:\/\/2.gravatar.com\/avatar\/b95c45c53f150671635c5f4393776151?s=96&d=mm&r=g","caption":"cecile"},"url":"http:\/\/www.jeanlouislaville.fr\/index.php\/author\/cecile\/"}]}},"_links":{"self":[{"href":"http:\/\/www.jeanlouislaville.fr\/index.php\/wp-json\/wp\/v2\/posts\/818"}],"collection":[{"href":"http:\/\/www.jeanlouislaville.fr\/index.php\/wp-json\/wp\/v2\/posts"}],"about":[{"href":"http:\/\/www.jeanlouislaville.fr\/index.php\/wp-json\/wp\/v2\/types\/post"}],"author":[{"embeddable":true,"href":"http:\/\/www.jeanlouislaville.fr\/index.php\/wp-json\/wp\/v2\/users\/2"}],"replies":[{"embeddable":true,"href":"http:\/\/www.jeanlouislaville.fr\/index.php\/wp-json\/wp\/v2\/comments?post=818"}],"version-history":[{"count":5,"href":"http:\/\/www.jeanlouislaville.fr\/index.php\/wp-json\/wp\/v2\/posts\/818\/revisions"}],"predecessor-version":[{"id":2020,"href":"http:\/\/www.jeanlouislaville.fr\/index.php\/wp-json\/wp\/v2\/posts\/818\/revisions\/2020"}],"wp:featuredmedia":[{"embeddable":true,"href":"http:\/\/www.jeanlouislaville.fr\/index.php\/wp-json\/wp\/v2\/media\/819"}],"wp:attachment":[{"href":"http:\/\/www.jeanlouislaville.fr\/index.php\/wp-json\/wp\/v2\/media?parent=818"}],"wp:term":[{"taxonomy":"category","embeddable":true,"href":"http:\/\/www.jeanlouislaville.fr\/index.php\/wp-json\/wp\/v2\/categories?post=818"},{"taxonomy":"post_tag","embeddable":true,"href":"http:\/\/www.jeanlouislaville.fr\/index.php\/wp-json\/wp\/v2\/tags?post=818"}],"curies":[{"name":"wp","href":"https:\/\/api.w.org\/{rel}","templated":true}]}}