{"id":815,"date":"2019-09-22T12:47:08","date_gmt":"2019-09-22T12:47:08","guid":{"rendered":"http:\/\/www.jeanlouislaville.fr\/?p=815"},"modified":"2019-10-10T10:39:18","modified_gmt":"2019-10-10T10:39:18","slug":"leconomie-solidaire-une-perspective-internationale","status":"publish","type":"post","link":"http:\/\/www.jeanlouislaville.fr\/index.php\/2019\/09\/22\/leconomie-solidaire-une-perspective-internationale\/","title":{"rendered":"L\u2019\u00e9conomie solidaire : une perspective internationale"},"content":{"rendered":"\n<p>\u00c9dition actualis\u00e9e de L\u2019\u00e9conomie solidaire: une perspective internationale, Descl\u00e9e de Brouwer, 1994 et 2000; Hachette Litt\u00e9ratures 2007.<br>S\u00e9rie : Pluriel, 2013<br><br>L\u2019\u00e9conomie de march\u00e9, malgr\u00e9 ses r\u00e9sultats en termes de niveau de vie, ne r\u00e9sout pas les probl\u00e8mes essentiels pos\u00e9s par l\u2019ampleur des in\u00e9galit\u00e9s sociales et des d\u00e9g\u00e2ts environnementaux. <\/p>\n\n\n\n<!--more-->\n\n\n\n<p>Comment s\u2019y attaquer sans verser dans l\u2019utopisme ? Les contributions rassembl\u00e9es dans ce livre proposent une r\u00e9ponse. Synth\u00e8se des recherches men\u00e9es sur plusieurs continents, elles mettent en \u00e9vidence la multiplicit\u00e9 des pratiques dans lesquelles l\u2019\u00e9conomie est un moyen au service de finalit\u00e9s solidaires. En Europe comme en Am\u00e9rique, au Sud comme au Nord, ces formes de d\u00e9veloppement local entrent en r\u00e9sonance avec les r\u00e9seaux internationaux du commerce \u00e9quitable. Les enjeux d\u2019une recomposition des rapports entre \u00e9conomie et social concernent tant l\u2019action publique que la justice et l\u2019\u00e9galit\u00e9 entre les sexes. L\u2019\u00e9conomie solidaire existe. La reconna\u00eetre pleinement et lui fournir les moyens de son d\u00e9veloppement est aujourd\u2019hui un choix politique qui engage l\u2019avenir de la soci\u00e9t\u00e9.<br><a href=\"http:\/\/www.librairie-sciencespo.fr\/essais-d-economie\/essais-par-auteurs\/livre\/l-economie-solidaire---une-perspective-internationale\/jean-louis-laville\/9782818503645.html\">Pour se procurer l\u2019ouvrage, suivez ce lien (Librairie Sciences Po)<\/a><\/p>\n","protected":false},"excerpt":{"rendered":"<p>\u00c9dition actualis\u00e9e de L\u2019\u00e9conomie solidaire: une perspective internationale, Descl\u00e9e de Brouwer, 1994 et 2000; Hachette Litt\u00e9ratures 2007.S\u00e9rie : Pluriel, 2013 L\u2019\u00e9conomie de march\u00e9, malgr\u00e9 ses r\u00e9sultats en termes de niveau de vie, ne r\u00e9sout pas les probl\u00e8mes essentiels pos\u00e9s par l\u2019ampleur des in\u00e9galit\u00e9s sociales et des d\u00e9g\u00e2ts environnementaux.<\/p>\n","protected":false},"author":2,"featured_media":816,"comment_status":"closed","ping_status":"closed","sticky":false,"template":"","format":"standard","meta":{"_et_pb_use_builder":"off","_et_pb_old_content":"","_et_gb_content_width":"","footnotes":"","twitterCardType":"","cardImageID":0,"cardImage":"","cardTitle":"","cardDesc":"","cardImageAlt":"","cardPlayer":"","cardPlayerWidth":0,"cardPlayerHeight":0,"cardPlayerStream":"","cardPlayerCodec":""},"categories":[18],"tags":[],"yoast_head":"<!-- This site is optimized with the Yoast SEO plugin v21.9.1 - https:\/\/yoast.com\/wordpress\/plugins\/seo\/ -->\n<title>L\u2019\u00e9conomie solidaire : une perspective internationale - Jean-Louis Laville<\/title>\n<meta name=\"robots\" content=\"index, follow, max-snippet:-1, max-image-preview:large, max-video-preview:-1\" \/>\n<link rel=\"canonical\" href=\"https:\/\/www.jeanlouislaville.fr\/index.php\/2019\/09\/22\/leconomie-solidaire-une-perspective-internationale\/\" \/>\n<meta property=\"og:locale\" content=\"fr_FR\" \/>\n<meta property=\"og:type\" content=\"article\" \/>\n<meta property=\"og:title\" content=\"L\u2019\u00e9conomie solidaire : une perspective internationale - Jean-Louis Laville\" \/>\n<meta property=\"og:description\" content=\"\u00c9dition actualis\u00e9e de L\u2019\u00e9conomie solidaire: une perspective internationale, Descl\u00e9e de Brouwer, 1994 et 2000; Hachette Litt\u00e9ratures 2007.S\u00e9rie : Pluriel, 2013 L\u2019\u00e9conomie de march\u00e9, malgr\u00e9 ses r\u00e9sultats en termes de niveau de vie, ne r\u00e9sout pas les probl\u00e8mes essentiels pos\u00e9s par l\u2019ampleur des in\u00e9galit\u00e9s sociales et des d\u00e9g\u00e2ts environnementaux.\" \/>\n<meta property=\"og:url\" content=\"https:\/\/www.jeanlouislaville.fr\/index.php\/2019\/09\/22\/leconomie-solidaire-une-perspective-internationale\/\" \/>\n<meta property=\"og:site_name\" content=\"Jean-Louis Laville\" \/>\n<meta property=\"article:published_time\" content=\"2019-09-22T12:47:08+00:00\" \/>\n<meta property=\"article:modified_time\" content=\"2019-10-10T10:39:18+00:00\" \/>\n<meta property=\"og:image\" content=\"https:\/\/www.jeanlouislaville.fr\/wp-content\/uploads\/2019\/09\/le\u0301conomie-solidaire-pluriel186x300.jpg\" \/>\n\t<meta property=\"og:image:width\" content=\"186\" \/>\n\t<meta property=\"og:image:height\" content=\"300\" \/>\n\t<meta property=\"og:image:type\" content=\"image\/jpeg\" \/>\n<meta name=\"author\" content=\"cecile\" \/>\n<meta name=\"twitter:card\" content=\"summary_large_image\" \/>\n<meta name=\"twitter:creator\" content=\"@jlLaville\" \/>\n<meta name=\"twitter:site\" content=\"@jlLaville\" \/>\n<meta name=\"twitter:label1\" content=\"\u00c9crit par\" \/>\n\t<meta name=\"twitter:data1\" content=\"cecile\" \/>\n\t<meta name=\"twitter:label2\" content=\"Dur\u00e9e de lecture estim\u00e9e\" \/>\n\t<meta name=\"twitter:data2\" content=\"1 minute\" \/>\n<script type=\"application\/ld+json\" class=\"yoast-schema-graph\">{\"@context\":\"https:\/\/schema.org\",\"@graph\":[{\"@type\":\"Article\",\"@id\":\"https:\/\/www.jeanlouislaville.fr\/index.php\/2019\/09\/22\/leconomie-solidaire-une-perspective-internationale\/#article\",\"isPartOf\":{\"@id\":\"https:\/\/www.jeanlouislaville.fr\/index.php\/2019\/09\/22\/leconomie-solidaire-une-perspective-internationale\/\"},\"author\":{\"name\":\"cecile\",\"@id\":\"https:\/\/www.jeanlouislaville.fr\/#\/schema\/person\/67e0d1cd258e23e8950f68c116fc6721\"},\"headline\":\"L\u2019\u00e9conomie solidaire : une perspective internationale\",\"datePublished\":\"2019-09-22T12:47:08+00:00\",\"dateModified\":\"2019-10-10T10:39:18+00:00\",\"mainEntityOfPage\":{\"@id\":\"https:\/\/www.jeanlouislaville.fr\/index.php\/2019\/09\/22\/leconomie-solidaire-une-perspective-internationale\/\"},\"wordCount\":211,\"publisher\":{\"@id\":\"https:\/\/www.jeanlouislaville.fr\/#organization\"},\"articleSection\":[\"Eco solidaire ouvrages\"],\"inLanguage\":\"fr-FR\"},{\"@type\":\"WebPage\",\"@id\":\"https:\/\/www.jeanlouislaville.fr\/index.php\/2019\/09\/22\/leconomie-solidaire-une-perspective-internationale\/\",\"url\":\"https:\/\/www.jeanlouislaville.fr\/index.php\/2019\/09\/22\/leconomie-solidaire-une-perspective-internationale\/\",\"name\":\"L\u2019\u00e9conomie solidaire : une perspective internationale - Jean-Louis Laville\",\"isPartOf\":{\"@id\":\"https:\/\/www.jeanlouislaville.fr\/#website\"},\"datePublished\":\"2019-09-22T12:47:08+00:00\",\"dateModified\":\"2019-10-10T10:39:18+00:00\",\"breadcrumb\":{\"@id\":\"https:\/\/www.jeanlouislaville.fr\/index.php\/2019\/09\/22\/leconomie-solidaire-une-perspective-internationale\/#breadcrumb\"},\"inLanguage\":\"fr-FR\",\"potentialAction\":[{\"@type\":\"ReadAction\",\"target\":[\"https:\/\/www.jeanlouislaville.fr\/index.php\/2019\/09\/22\/leconomie-solidaire-une-perspective-internationale\/\"]}]},{\"@type\":\"BreadcrumbList\",\"@id\":\"https:\/\/www.jeanlouislaville.fr\/index.php\/2019\/09\/22\/leconomie-solidaire-une-perspective-internationale\/#breadcrumb\",\"itemListElement\":[{\"@type\":\"ListItem\",\"position\":1,\"name\":\"Accueil\",\"item\":\"https:\/\/www.jeanlouislaville.fr\/\"},{\"@type\":\"ListItem\",\"position\":2,\"name\":\"L\u2019\u00e9conomie solidaire : une perspective internationale\"}]},{\"@type\":\"WebSite\",\"@id\":\"https:\/\/www.jeanlouislaville.fr\/#website\",\"url\":\"https:\/\/www.jeanlouislaville.fr\/\",\"name\":\"Jean-Louis Laville\",\"description\":\"\u00c9conomie Sociale &amp; Solidaire\",\"publisher\":{\"@id\":\"https:\/\/www.jeanlouislaville.fr\/#organization\"},\"potentialAction\":[{\"@type\":\"SearchAction\",\"target\":{\"@type\":\"EntryPoint\",\"urlTemplate\":\"https:\/\/www.jeanlouislaville.fr\/?s={search_term_string}\"},\"query-input\":\"required name=search_term_string\"}],\"inLanguage\":\"fr-FR\"},{\"@type\":\"Organization\",\"@id\":\"https:\/\/www.jeanlouislaville.fr\/#organization\",\"name\":\"Jean-Louis Laville\",\"url\":\"https:\/\/www.jeanlouislaville.fr\/\",\"logo\":{\"@type\":\"ImageObject\",\"inLanguage\":\"fr-FR\",\"@id\":\"https:\/\/www.jeanlouislaville.fr\/#\/schema\/logo\/image\/\",\"url\":\"http:\/\/www.jeanlouislaville.fr\/wp-content\/uploads\/2019\/10\/logoResponsive.png\",\"contentUrl\":\"http:\/\/www.jeanlouislaville.fr\/wp-content\/uploads\/2019\/10\/logoResponsive.png\",\"width\":630,\"height\":93,\"caption\":\"Jean-Louis Laville\"},\"image\":{\"@id\":\"https:\/\/www.jeanlouislaville.fr\/#\/schema\/logo\/image\/\"},\"sameAs\":[\"https:\/\/twitter.com\/jlLaville\"]},{\"@type\":\"Person\",\"@id\":\"https:\/\/www.jeanlouislaville.fr\/#\/schema\/person\/67e0d1cd258e23e8950f68c116fc6721\",\"name\":\"cecile\",\"image\":{\"@type\":\"ImageObject\",\"inLanguage\":\"fr-FR\",\"@id\":\"https:\/\/www.jeanlouislaville.fr\/#\/schema\/person\/image\/\",\"url\":\"http:\/\/2.gravatar.com\/avatar\/b95c45c53f150671635c5f4393776151?s=96&d=mm&r=g\",\"contentUrl\":\"http:\/\/2.gravatar.com\/avatar\/b95c45c53f150671635c5f4393776151?s=96&d=mm&r=g\",\"caption\":\"cecile\"},\"url\":\"http:\/\/www.jeanlouislaville.fr\/index.php\/author\/cecile\/\"}]}<\/script>\n<!-- \/ Yoast SEO plugin. -->","yoast_head_json":{"title":"L\u2019\u00e9conomie solidaire : une perspective internationale - Jean-Louis Laville","robots":{"index":"index","follow":"follow","max-snippet":"max-snippet:-1","max-image-preview":"max-image-preview:large","max-video-preview":"max-video-preview:-1"},"canonical":"https:\/\/www.jeanlouislaville.fr\/index.php\/2019\/09\/22\/leconomie-solidaire-une-perspective-internationale\/","og_locale":"fr_FR","og_type":"article","og_title":"L\u2019\u00e9conomie solidaire : une perspective internationale - Jean-Louis Laville","og_description":"\u00c9dition actualis\u00e9e de L\u2019\u00e9conomie solidaire: une perspective internationale, Descl\u00e9e de Brouwer, 1994 et 2000; Hachette Litt\u00e9ratures 2007.S\u00e9rie : Pluriel, 2013 L\u2019\u00e9conomie de march\u00e9, malgr\u00e9 ses r\u00e9sultats en termes de niveau de vie, ne r\u00e9sout pas les probl\u00e8mes essentiels pos\u00e9s par l\u2019ampleur des in\u00e9galit\u00e9s sociales et des d\u00e9g\u00e2ts environnementaux.","og_url":"https:\/\/www.jeanlouislaville.fr\/index.php\/2019\/09\/22\/leconomie-solidaire-une-perspective-internationale\/","og_site_name":"Jean-Louis Laville","article_published_time":"2019-09-22T12:47:08+00:00","article_modified_time":"2019-10-10T10:39:18+00:00","og_image":[{"width":186,"height":300,"url":"https:\/\/www.jeanlouislaville.fr\/wp-content\/uploads\/2019\/09\/le\u0301conomie-solidaire-pluriel186x300.jpg","type":"image\/jpeg"}],"author":"cecile","twitter_card":"summary_large_image","twitter_creator":"@jlLaville","twitter_site":"@jlLaville","twitter_misc":{"\u00c9crit par":"cecile","Dur\u00e9e de lecture estim\u00e9e":"1 minute"},"schema":{"@context":"https:\/\/schema.org","@graph":[{"@type":"Article","@id":"https:\/\/www.jeanlouislaville.fr\/index.php\/2019\/09\/22\/leconomie-solidaire-une-perspective-internationale\/#article","isPartOf":{"@id":"https:\/\/www.jeanlouislaville.fr\/index.php\/2019\/09\/22\/leconomie-solidaire-une-perspective-internationale\/"},"author":{"name":"cecile","@id":"https:\/\/www.jeanlouislaville.fr\/#\/schema\/person\/67e0d1cd258e23e8950f68c116fc6721"},"headline":"L\u2019\u00e9conomie solidaire : une perspective internationale","datePublished":"2019-09-22T12:47:08+00:00","dateModified":"2019-10-10T10:39:18+00:00","mainEntityOfPage":{"@id":"https:\/\/www.jeanlouislaville.fr\/index.php\/2019\/09\/22\/leconomie-solidaire-une-perspective-internationale\/"},"wordCount":211,"publisher":{"@id":"https:\/\/www.jeanlouislaville.fr\/#organization"},"articleSection":["Eco solidaire ouvrages"],"inLanguage":"fr-FR"},{"@type":"WebPage","@id":"https:\/\/www.jeanlouislaville.fr\/index.php\/2019\/09\/22\/leconomie-solidaire-une-perspective-internationale\/","url":"https:\/\/www.jeanlouislaville.fr\/index.php\/2019\/09\/22\/leconomie-solidaire-une-perspective-internationale\/","name":"L\u2019\u00e9conomie solidaire : une perspective internationale - Jean-Louis Laville","isPartOf":{"@id":"https:\/\/www.jeanlouislaville.fr\/#website"},"datePublished":"2019-09-22T12:47:08+00:00","dateModified":"2019-10-10T10:39:18+00:00","breadcrumb":{"@id":"https:\/\/www.jeanlouislaville.fr\/index.php\/2019\/09\/22\/leconomie-solidaire-une-perspective-internationale\/#breadcrumb"},"inLanguage":"fr-FR","potentialAction":[{"@type":"ReadAction","target":["https:\/\/www.jeanlouislaville.fr\/index.php\/2019\/09\/22\/leconomie-solidaire-une-perspective-internationale\/"]}]},{"@type":"BreadcrumbList","@id":"https:\/\/www.jeanlouislaville.fr\/index.php\/2019\/09\/22\/leconomie-solidaire-une-perspective-internationale\/#breadcrumb","itemListElement":[{"@type":"ListItem","position":1,"name":"Accueil","item":"https:\/\/www.jeanlouislaville.fr\/"},{"@type":"ListItem","position":2,"name":"L\u2019\u00e9conomie solidaire : une perspective internationale"}]},{"@type":"WebSite","@id":"https:\/\/www.jeanlouislaville.fr\/#website","url":"https:\/\/www.jeanlouislaville.fr\/","name":"Jean-Louis Laville","description":"\u00c9conomie Sociale &amp; Solidaire","publisher":{"@id":"https:\/\/www.jeanlouislaville.fr\/#organization"},"potentialAction":[{"@type":"SearchAction","target":{"@type":"EntryPoint","urlTemplate":"https:\/\/www.jeanlouislaville.fr\/?s={search_term_string}"},"query-input":"required name=search_term_string"}],"inLanguage":"fr-FR"},{"@type":"Organization","@id":"https:\/\/www.jeanlouislaville.fr\/#organization","name":"Jean-Louis Laville","url":"https:\/\/www.jeanlouislaville.fr\/","logo":{"@type":"ImageObject","inLanguage":"fr-FR","@id":"https:\/\/www.jeanlouislaville.fr\/#\/schema\/logo\/image\/","url":"http:\/\/www.jeanlouislaville.fr\/wp-content\/uploads\/2019\/10\/logoResponsive.png","contentUrl":"http:\/\/www.jeanlouislaville.fr\/wp-content\/uploads\/2019\/10\/logoResponsive.png","width":630,"height":93,"caption":"Jean-Louis Laville"},"image":{"@id":"https:\/\/www.jeanlouislaville.fr\/#\/schema\/logo\/image\/"},"sameAs":["https:\/\/twitter.com\/jlLaville"]},{"@type":"Person","@id":"https:\/\/www.jeanlouislaville.fr\/#\/schema\/person\/67e0d1cd258e23e8950f68c116fc6721","name":"cecile","image":{"@type":"ImageObject","inLanguage":"fr-FR","@id":"https:\/\/www.jeanlouislaville.fr\/#\/schema\/person\/image\/","url":"http:\/\/2.gravatar.com\/avatar\/b95c45c53f150671635c5f4393776151?s=96&d=mm&r=g","contentUrl":"http:\/\/2.gravatar.com\/avatar\/b95c45c53f150671635c5f4393776151?s=96&d=mm&r=g","caption":"cecile"},"url":"http:\/\/www.jeanlouislaville.fr\/index.php\/author\/cecile\/"}]}},"_links":{"self":[{"href":"http:\/\/www.jeanlouislaville.fr\/index.php\/wp-json\/wp\/v2\/posts\/815"}],"collection":[{"href":"http:\/\/www.jeanlouislaville.fr\/index.php\/wp-json\/wp\/v2\/posts"}],"about":[{"href":"http:\/\/www.jeanlouislaville.fr\/index.php\/wp-json\/wp\/v2\/types\/post"}],"author":[{"embeddable":true,"href":"http:\/\/www.jeanlouislaville.fr\/index.php\/wp-json\/wp\/v2\/users\/2"}],"replies":[{"embeddable":true,"href":"http:\/\/www.jeanlouislaville.fr\/index.php\/wp-json\/wp\/v2\/comments?post=815"}],"version-history":[{"count":3,"href":"http:\/\/www.jeanlouislaville.fr\/index.php\/wp-json\/wp\/v2\/posts\/815\/revisions"}],"predecessor-version":[{"id":1729,"href":"http:\/\/www.jeanlouislaville.fr\/index.php\/wp-json\/wp\/v2\/posts\/815\/revisions\/1729"}],"wp:featuredmedia":[{"embeddable":true,"href":"http:\/\/www.jeanlouislaville.fr\/index.php\/wp-json\/wp\/v2\/media\/816"}],"wp:attachment":[{"href":"http:\/\/www.jeanlouislaville.fr\/index.php\/wp-json\/wp\/v2\/media?parent=815"}],"wp:term":[{"taxonomy":"category","embeddable":true,"href":"http:\/\/www.jeanlouislaville.fr\/index.php\/wp-json\/wp\/v2\/categories?post=815"},{"taxonomy":"post_tag","embeddable":true,"href":"http:\/\/www.jeanlouislaville.fr\/index.php\/wp-json\/wp\/v2\/tags?post=815"}],"curies":[{"name":"wp","href":"https:\/\/api.w.org\/{rel}","templated":true}]}}