{"id":799,"date":"2019-09-22T09:14:29","date_gmt":"2019-09-22T09:14:29","guid":{"rendered":"http:\/\/www.jeanlouislaville.fr\/?p=799"},"modified":"2019-10-10T10:37:44","modified_gmt":"2019-10-10T10:37:44","slug":"entreprise-sociale-et-insertion-une-perspective-internationale","status":"publish","type":"post","link":"http:\/\/www.jeanlouislaville.fr\/index.php\/2019\/09\/22\/entreprise-sociale-et-insertion-une-perspective-internationale\/","title":{"rendered":"Entreprise sociale et insertion \u2013 une perspective internationale"},"content":{"rendered":"\n<p>Dirig\u00e9 par L. Gardin, J.-L. Laville et M. Nyssens<br>Descl\u00e9e de Brouwer, 2012<br><br>Face \u00e0 l\u2019ampleur du ch\u00f4mage, de l\u2019exclusion et de la pauvret\u00e9, l\u2019insertion par l\u2019activit\u00e9 \u00e9conomique s\u2019impose aujourd\u2019hui comme une urgence. <\/p>\n\n\n\n<!--more-->\n\n\n\n<p>Les entreprises sociales constituent un outil privil\u00e9gi\u00e9 de cette d\u00e9marche \u00e0 travers de multiples initiatives, comme le montre l\u2019approche internationale qui leur est consacr\u00e9e ici.<br> Qu\u2019est-ce au fond qu\u2019une entreprise sociale d\u2019insertion? Les auteurs pr\u00e9sentent le d\u00e9bat international que soul\u00e8ve cette question? Ils r\u00e9pondent aux questions transversales que ce type d\u2019entreprise suscite sur diff\u00e9rents registres: la construction de leur \u00e9quilibre \u00e9conomique, la multiplicit\u00e9 de leurs objectifs et leurs relations aux politiques publiques. Enfin, les r\u00e9alit\u00e9s nationales de la Belgique, de la France, du Qu\u00e9bec et de la Suisse sont approfondies.<br><a href=\"http:\/\/www.librairie-sciencespo.fr\/sociologie-du-travail\/sociologie-du-travail\/livre\/entreprise-sociale-et-insertion\/laurent-gardin--jean-louis--laville--marthe--nyssens\/9782220064963.html\">Pour se procurer l\u2019ouvrage, suivez ce lien (Librairie Sciences Po)<\/a><\/p>\n","protected":false},"excerpt":{"rendered":"<p>Dirig\u00e9 par L. Gardin, J.-L. Laville et M. NyssensDescl\u00e9e de Brouwer, 2012 Face \u00e0 l\u2019ampleur du ch\u00f4mage, de l\u2019exclusion et de la pauvret\u00e9, l\u2019insertion par l\u2019activit\u00e9 \u00e9conomique s\u2019impose aujourd\u2019hui comme une urgence.<\/p>\n","protected":false},"author":2,"featured_media":801,"comment_status":"closed","ping_status":"closed","sticky":false,"template":"","format":"standard","meta":{"_et_pb_use_builder":"off","_et_pb_old_content":"","_et_gb_content_width":"","footnotes":"","twitterCardType":"","cardImageID":0,"cardImage":"","cardTitle":"","cardDesc":"","cardImageAlt":"","cardPlayer":"","cardPlayerWidth":0,"cardPlayerHeight":0,"cardPlayerStream":"","cardPlayerCodec":""},"categories":[19],"tags":[],"yoast_head":"<!-- This site is optimized with the Yoast SEO plugin v21.9.1 - https:\/\/yoast.com\/wordpress\/plugins\/seo\/ -->\n<title>Entreprise sociale et insertion \u2013 une perspective internationale - Jean-Louis Laville<\/title>\n<meta name=\"robots\" content=\"index, follow, max-snippet:-1, max-image-preview:large, max-video-preview:-1\" \/>\n<link rel=\"canonical\" href=\"http:\/\/www.jeanlouislaville.fr\/index.php\/2019\/09\/22\/entreprise-sociale-et-insertion-une-perspective-internationale\/\" \/>\n<meta property=\"og:locale\" content=\"fr_FR\" \/>\n<meta property=\"og:type\" content=\"article\" \/>\n<meta property=\"og:title\" content=\"Entreprise sociale et insertion \u2013 une perspective internationale - Jean-Louis Laville\" \/>\n<meta property=\"og:description\" content=\"Dirig\u00e9 par L. Gardin, J.-L. Laville et M. NyssensDescl\u00e9e de Brouwer, 2012 Face \u00e0 l\u2019ampleur du ch\u00f4mage, de l\u2019exclusion et de la pauvret\u00e9, l\u2019insertion par l\u2019activit\u00e9 \u00e9conomique s\u2019impose aujourd\u2019hui comme une urgence.\" \/>\n<meta property=\"og:url\" content=\"http:\/\/www.jeanlouislaville.fr\/index.php\/2019\/09\/22\/entreprise-sociale-et-insertion-une-perspective-internationale\/\" \/>\n<meta property=\"og:site_name\" content=\"Jean-Louis Laville\" \/>\n<meta property=\"article:published_time\" content=\"2019-09-22T09:14:29+00:00\" \/>\n<meta property=\"article:modified_time\" content=\"2019-10-10T10:37:44+00:00\" \/>\n<meta property=\"og:image\" content=\"http:\/\/www.jeanlouislaville.fr\/wp-content\/uploads\/2019\/09\/Entreprise-sociale-et-insertion-190x300.jpg\" \/>\n\t<meta property=\"og:image:width\" content=\"190\" \/>\n\t<meta property=\"og:image:height\" content=\"300\" \/>\n\t<meta property=\"og:image:type\" content=\"image\/jpeg\" \/>\n<meta name=\"author\" content=\"cecile\" \/>\n<meta name=\"twitter:card\" content=\"summary_large_image\" \/>\n<meta name=\"twitter:creator\" content=\"@jlLaville\" \/>\n<meta name=\"twitter:site\" content=\"@jlLaville\" \/>\n<meta name=\"twitter:label1\" content=\"\u00c9crit par\" \/>\n\t<meta name=\"twitter:data1\" content=\"cecile\" \/>\n\t<meta name=\"twitter:label2\" content=\"Dur\u00e9e de lecture estim\u00e9e\" \/>\n\t<meta name=\"twitter:data2\" content=\"1 minute\" \/>\n<script type=\"application\/ld+json\" class=\"yoast-schema-graph\">{\"@context\":\"https:\/\/schema.org\",\"@graph\":[{\"@type\":\"Article\",\"@id\":\"http:\/\/www.jeanlouislaville.fr\/index.php\/2019\/09\/22\/entreprise-sociale-et-insertion-une-perspective-internationale\/#article\",\"isPartOf\":{\"@id\":\"http:\/\/www.jeanlouislaville.fr\/index.php\/2019\/09\/22\/entreprise-sociale-et-insertion-une-perspective-internationale\/\"},\"author\":{\"name\":\"cecile\",\"@id\":\"https:\/\/www.jeanlouislaville.fr\/#\/schema\/person\/67e0d1cd258e23e8950f68c116fc6721\"},\"headline\":\"Entreprise sociale et insertion \u2013 une perspective internationale\",\"datePublished\":\"2019-09-22T09:14:29+00:00\",\"dateModified\":\"2019-10-10T10:37:44+00:00\",\"mainEntityOfPage\":{\"@id\":\"http:\/\/www.jeanlouislaville.fr\/index.php\/2019\/09\/22\/entreprise-sociale-et-insertion-une-perspective-internationale\/\"},\"wordCount\":162,\"publisher\":{\"@id\":\"https:\/\/www.jeanlouislaville.fr\/#organization\"},\"articleSection\":[\"Entreprises sociales ouvrages\"],\"inLanguage\":\"fr-FR\"},{\"@type\":\"WebPage\",\"@id\":\"http:\/\/www.jeanlouislaville.fr\/index.php\/2019\/09\/22\/entreprise-sociale-et-insertion-une-perspective-internationale\/\",\"url\":\"http:\/\/www.jeanlouislaville.fr\/index.php\/2019\/09\/22\/entreprise-sociale-et-insertion-une-perspective-internationale\/\",\"name\":\"Entreprise sociale et insertion \u2013 une perspective internationale - Jean-Louis Laville\",\"isPartOf\":{\"@id\":\"https:\/\/www.jeanlouislaville.fr\/#website\"},\"datePublished\":\"2019-09-22T09:14:29+00:00\",\"dateModified\":\"2019-10-10T10:37:44+00:00\",\"breadcrumb\":{\"@id\":\"http:\/\/www.jeanlouislaville.fr\/index.php\/2019\/09\/22\/entreprise-sociale-et-insertion-une-perspective-internationale\/#breadcrumb\"},\"inLanguage\":\"fr-FR\",\"potentialAction\":[{\"@type\":\"ReadAction\",\"target\":[\"http:\/\/www.jeanlouislaville.fr\/index.php\/2019\/09\/22\/entreprise-sociale-et-insertion-une-perspective-internationale\/\"]}]},{\"@type\":\"BreadcrumbList\",\"@id\":\"http:\/\/www.jeanlouislaville.fr\/index.php\/2019\/09\/22\/entreprise-sociale-et-insertion-une-perspective-internationale\/#breadcrumb\",\"itemListElement\":[{\"@type\":\"ListItem\",\"position\":1,\"name\":\"Accueil\",\"item\":\"https:\/\/www.jeanlouislaville.fr\/\"},{\"@type\":\"ListItem\",\"position\":2,\"name\":\"Entreprise sociale et insertion \u2013 une perspective internationale\"}]},{\"@type\":\"WebSite\",\"@id\":\"https:\/\/www.jeanlouislaville.fr\/#website\",\"url\":\"https:\/\/www.jeanlouislaville.fr\/\",\"name\":\"Jean-Louis Laville\",\"description\":\"\u00c9conomie Sociale &amp; Solidaire\",\"publisher\":{\"@id\":\"https:\/\/www.jeanlouislaville.fr\/#organization\"},\"potentialAction\":[{\"@type\":\"SearchAction\",\"target\":{\"@type\":\"EntryPoint\",\"urlTemplate\":\"https:\/\/www.jeanlouislaville.fr\/?s={search_term_string}\"},\"query-input\":\"required name=search_term_string\"}],\"inLanguage\":\"fr-FR\"},{\"@type\":\"Organization\",\"@id\":\"https:\/\/www.jeanlouislaville.fr\/#organization\",\"name\":\"Jean-Louis Laville\",\"url\":\"https:\/\/www.jeanlouislaville.fr\/\",\"logo\":{\"@type\":\"ImageObject\",\"inLanguage\":\"fr-FR\",\"@id\":\"https:\/\/www.jeanlouislaville.fr\/#\/schema\/logo\/image\/\",\"url\":\"http:\/\/www.jeanlouislaville.fr\/wp-content\/uploads\/2019\/10\/logoResponsive.png\",\"contentUrl\":\"http:\/\/www.jeanlouislaville.fr\/wp-content\/uploads\/2019\/10\/logoResponsive.png\",\"width\":630,\"height\":93,\"caption\":\"Jean-Louis Laville\"},\"image\":{\"@id\":\"https:\/\/www.jeanlouislaville.fr\/#\/schema\/logo\/image\/\"},\"sameAs\":[\"https:\/\/twitter.com\/jlLaville\"]},{\"@type\":\"Person\",\"@id\":\"https:\/\/www.jeanlouislaville.fr\/#\/schema\/person\/67e0d1cd258e23e8950f68c116fc6721\",\"name\":\"cecile\",\"image\":{\"@type\":\"ImageObject\",\"inLanguage\":\"fr-FR\",\"@id\":\"https:\/\/www.jeanlouislaville.fr\/#\/schema\/person\/image\/\",\"url\":\"http:\/\/2.gravatar.com\/avatar\/b95c45c53f150671635c5f4393776151?s=96&d=mm&r=g\",\"contentUrl\":\"http:\/\/2.gravatar.com\/avatar\/b95c45c53f150671635c5f4393776151?s=96&d=mm&r=g\",\"caption\":\"cecile\"},\"url\":\"http:\/\/www.jeanlouislaville.fr\/index.php\/author\/cecile\/\"}]}<\/script>\n<!-- \/ Yoast SEO plugin. -->","yoast_head_json":{"title":"Entreprise sociale et insertion \u2013 une perspective internationale - Jean-Louis Laville","robots":{"index":"index","follow":"follow","max-snippet":"max-snippet:-1","max-image-preview":"max-image-preview:large","max-video-preview":"max-video-preview:-1"},"canonical":"http:\/\/www.jeanlouislaville.fr\/index.php\/2019\/09\/22\/entreprise-sociale-et-insertion-une-perspective-internationale\/","og_locale":"fr_FR","og_type":"article","og_title":"Entreprise sociale et insertion \u2013 une perspective internationale - Jean-Louis Laville","og_description":"Dirig\u00e9 par L. Gardin, J.-L. Laville et M. NyssensDescl\u00e9e de Brouwer, 2012 Face \u00e0 l\u2019ampleur du ch\u00f4mage, de l\u2019exclusion et de la pauvret\u00e9, l\u2019insertion par l\u2019activit\u00e9 \u00e9conomique s\u2019impose aujourd\u2019hui comme une urgence.","og_url":"http:\/\/www.jeanlouislaville.fr\/index.php\/2019\/09\/22\/entreprise-sociale-et-insertion-une-perspective-internationale\/","og_site_name":"Jean-Louis Laville","article_published_time":"2019-09-22T09:14:29+00:00","article_modified_time":"2019-10-10T10:37:44+00:00","og_image":[{"width":190,"height":300,"url":"http:\/\/www.jeanlouislaville.fr\/wp-content\/uploads\/2019\/09\/Entreprise-sociale-et-insertion-190x300.jpg","type":"image\/jpeg"}],"author":"cecile","twitter_card":"summary_large_image","twitter_creator":"@jlLaville","twitter_site":"@jlLaville","twitter_misc":{"\u00c9crit par":"cecile","Dur\u00e9e de lecture estim\u00e9e":"1 minute"},"schema":{"@context":"https:\/\/schema.org","@graph":[{"@type":"Article","@id":"http:\/\/www.jeanlouislaville.fr\/index.php\/2019\/09\/22\/entreprise-sociale-et-insertion-une-perspective-internationale\/#article","isPartOf":{"@id":"http:\/\/www.jeanlouislaville.fr\/index.php\/2019\/09\/22\/entreprise-sociale-et-insertion-une-perspective-internationale\/"},"author":{"name":"cecile","@id":"https:\/\/www.jeanlouislaville.fr\/#\/schema\/person\/67e0d1cd258e23e8950f68c116fc6721"},"headline":"Entreprise sociale et insertion \u2013 une perspective internationale","datePublished":"2019-09-22T09:14:29+00:00","dateModified":"2019-10-10T10:37:44+00:00","mainEntityOfPage":{"@id":"http:\/\/www.jeanlouislaville.fr\/index.php\/2019\/09\/22\/entreprise-sociale-et-insertion-une-perspective-internationale\/"},"wordCount":162,"publisher":{"@id":"https:\/\/www.jeanlouislaville.fr\/#organization"},"articleSection":["Entreprises sociales ouvrages"],"inLanguage":"fr-FR"},{"@type":"WebPage","@id":"http:\/\/www.jeanlouislaville.fr\/index.php\/2019\/09\/22\/entreprise-sociale-et-insertion-une-perspective-internationale\/","url":"http:\/\/www.jeanlouislaville.fr\/index.php\/2019\/09\/22\/entreprise-sociale-et-insertion-une-perspective-internationale\/","name":"Entreprise sociale et insertion \u2013 une perspective internationale - Jean-Louis Laville","isPartOf":{"@id":"https:\/\/www.jeanlouislaville.fr\/#website"},"datePublished":"2019-09-22T09:14:29+00:00","dateModified":"2019-10-10T10:37:44+00:00","breadcrumb":{"@id":"http:\/\/www.jeanlouislaville.fr\/index.php\/2019\/09\/22\/entreprise-sociale-et-insertion-une-perspective-internationale\/#breadcrumb"},"inLanguage":"fr-FR","potentialAction":[{"@type":"ReadAction","target":["http:\/\/www.jeanlouislaville.fr\/index.php\/2019\/09\/22\/entreprise-sociale-et-insertion-une-perspective-internationale\/"]}]},{"@type":"BreadcrumbList","@id":"http:\/\/www.jeanlouislaville.fr\/index.php\/2019\/09\/22\/entreprise-sociale-et-insertion-une-perspective-internationale\/#breadcrumb","itemListElement":[{"@type":"ListItem","position":1,"name":"Accueil","item":"https:\/\/www.jeanlouislaville.fr\/"},{"@type":"ListItem","position":2,"name":"Entreprise sociale et insertion \u2013 une perspective internationale"}]},{"@type":"WebSite","@id":"https:\/\/www.jeanlouislaville.fr\/#website","url":"https:\/\/www.jeanlouislaville.fr\/","name":"Jean-Louis Laville","description":"\u00c9conomie Sociale &amp; Solidaire","publisher":{"@id":"https:\/\/www.jeanlouislaville.fr\/#organization"},"potentialAction":[{"@type":"SearchAction","target":{"@type":"EntryPoint","urlTemplate":"https:\/\/www.jeanlouislaville.fr\/?s={search_term_string}"},"query-input":"required name=search_term_string"}],"inLanguage":"fr-FR"},{"@type":"Organization","@id":"https:\/\/www.jeanlouislaville.fr\/#organization","name":"Jean-Louis Laville","url":"https:\/\/www.jeanlouislaville.fr\/","logo":{"@type":"ImageObject","inLanguage":"fr-FR","@id":"https:\/\/www.jeanlouislaville.fr\/#\/schema\/logo\/image\/","url":"http:\/\/www.jeanlouislaville.fr\/wp-content\/uploads\/2019\/10\/logoResponsive.png","contentUrl":"http:\/\/www.jeanlouislaville.fr\/wp-content\/uploads\/2019\/10\/logoResponsive.png","width":630,"height":93,"caption":"Jean-Louis Laville"},"image":{"@id":"https:\/\/www.jeanlouislaville.fr\/#\/schema\/logo\/image\/"},"sameAs":["https:\/\/twitter.com\/jlLaville"]},{"@type":"Person","@id":"https:\/\/www.jeanlouislaville.fr\/#\/schema\/person\/67e0d1cd258e23e8950f68c116fc6721","name":"cecile","image":{"@type":"ImageObject","inLanguage":"fr-FR","@id":"https:\/\/www.jeanlouislaville.fr\/#\/schema\/person\/image\/","url":"http:\/\/2.gravatar.com\/avatar\/b95c45c53f150671635c5f4393776151?s=96&d=mm&r=g","contentUrl":"http:\/\/2.gravatar.com\/avatar\/b95c45c53f150671635c5f4393776151?s=96&d=mm&r=g","caption":"cecile"},"url":"http:\/\/www.jeanlouislaville.fr\/index.php\/author\/cecile\/"}]}},"_links":{"self":[{"href":"http:\/\/www.jeanlouislaville.fr\/index.php\/wp-json\/wp\/v2\/posts\/799"}],"collection":[{"href":"http:\/\/www.jeanlouislaville.fr\/index.php\/wp-json\/wp\/v2\/posts"}],"about":[{"href":"http:\/\/www.jeanlouislaville.fr\/index.php\/wp-json\/wp\/v2\/types\/post"}],"author":[{"embeddable":true,"href":"http:\/\/www.jeanlouislaville.fr\/index.php\/wp-json\/wp\/v2\/users\/2"}],"replies":[{"embeddable":true,"href":"http:\/\/www.jeanlouislaville.fr\/index.php\/wp-json\/wp\/v2\/comments?post=799"}],"version-history":[{"count":3,"href":"http:\/\/www.jeanlouislaville.fr\/index.php\/wp-json\/wp\/v2\/posts\/799\/revisions"}],"predecessor-version":[{"id":1725,"href":"http:\/\/www.jeanlouislaville.fr\/index.php\/wp-json\/wp\/v2\/posts\/799\/revisions\/1725"}],"wp:featuredmedia":[{"embeddable":true,"href":"http:\/\/www.jeanlouislaville.fr\/index.php\/wp-json\/wp\/v2\/media\/801"}],"wp:attachment":[{"href":"http:\/\/www.jeanlouislaville.fr\/index.php\/wp-json\/wp\/v2\/media?parent=799"}],"wp:term":[{"taxonomy":"category","embeddable":true,"href":"http:\/\/www.jeanlouislaville.fr\/index.php\/wp-json\/wp\/v2\/categories?post=799"},{"taxonomy":"post_tag","embeddable":true,"href":"http:\/\/www.jeanlouislaville.fr\/index.php\/wp-json\/wp\/v2\/tags?post=799"}],"curies":[{"name":"wp","href":"https:\/\/api.w.org\/{rel}","templated":true}]}}