{"id":772,"date":"2019-09-22T08:35:36","date_gmt":"2019-09-22T08:35:36","guid":{"rendered":"http:\/\/www.jeanlouislaville.fr\/?p=772"},"modified":"2019-10-10T10:34:50","modified_gmt":"2019-10-10T10:34:50","slug":"le-travail-une-nouvelle-question-politique","status":"publish","type":"post","link":"http:\/\/www.jeanlouislaville.fr\/index.php\/2019\/09\/22\/le-travail-une-nouvelle-question-politique\/","title":{"rendered":"Le travail \u2013 une nouvelle question politique"},"content":{"rendered":"\n<p>Descl\u00e9e de Brouwer, 2008. Version remani\u00e9e et actualis\u00e9e de <em>Une troisi\u00e8me voie pour le travail<\/em> (Descl\u00e9e de Brouwer, 1999)<br><br>\u00ab Gilda je t\u2019aime, \u00e0 bas le travail \u00bb, \u00ab Travailler moins pour travailler tous \u00bb, \u00ab Travailler plus pour gagner plus \u00bb : la succession des formules embl\u00e9matiques t\u00e9moigne du changement d\u2019\u00e9poque.<\/p>\n\n\n\n<!--more-->\n\n\n\n<p>Voici dix ans encore, on parlait de la disparition progressive du travail. Aujourd\u2019hui, c\u2019est l\u2019\u00e9loge d\u2019un travail sans limites qui domine. Mais il conduit au salari\u00e9 jetable et au plein emploi pr\u00e9caire.<br>Pourtant, le travail contemporain n\u2019est pas que plaintes et souffrances. De multiples exp\u00e9riences r\u00e9inventent un travail porteur de sens et de solidarit\u00e9. Loin d\u2019une fausse alternative entre fin du travail et travail sans fin, le d\u00e9fi consiste \u00e0 articuler les initiatives de la soci\u00e9t\u00e9 civile avec des politiques publiques appropri\u00e9es.<br>Contre l\u2019\u00e9conomisme, Jean-Louis Laville remet le travail au c\u0153ur de la question politique. Sans revenir aux compromis du pass\u00e9, mais en restant attach\u00e9 aux vis\u00e9es d\u2019\u00e9mancipation et d\u2019\u00e9galit\u00e9.<br><a rel=\"noreferrer noopener\" href=\"http:\/\/www.librairie-sciencespo.fr\/vie-politique-francaise\/actualite-politique-et-biographies\/livre\/travail--une-nouvelle-question-politique\/jean-louis-laville\/9782220059563.html\" target=\"_blank\">Pour se procurer l\u2019ouvrage, suivez ce lien (Librairie Sciences Po)<\/a><\/p>\n","protected":false},"excerpt":{"rendered":"<p>Descl\u00e9e de Brouwer, 2008. Version remani\u00e9e et actualis\u00e9e de Une troisi\u00e8me voie pour le travail (Descl\u00e9e de Brouwer, 1999) \u00ab Gilda je t\u2019aime, \u00e0 bas le travail \u00bb, \u00ab Travailler moins pour travailler tous \u00bb, \u00ab Travailler plus pour gagner plus \u00bb : la succession des formules embl\u00e9matiques t\u00e9moigne du changement d\u2019\u00e9poque.<\/p>\n","protected":false},"author":2,"featured_media":774,"comment_status":"closed","ping_status":"closed","sticky":false,"template":"","format":"standard","meta":{"_et_pb_use_builder":"off","_et_pb_old_content":"","_et_gb_content_width":"","footnotes":"","twitterCardType":"","cardImageID":0,"cardImage":"","cardTitle":"","cardDesc":"","cardImageAlt":"","cardPlayer":"","cardPlayerWidth":0,"cardPlayerHeight":0,"cardPlayerStream":"","cardPlayerCodec":""},"categories":[21],"tags":[],"yoast_head":"<!-- This site is optimized with the Yoast SEO plugin v21.9.1 - https:\/\/yoast.com\/wordpress\/plugins\/seo\/ -->\n<title>Le travail \u2013 une nouvelle question politique - Jean-Louis Laville<\/title>\n<meta name=\"robots\" content=\"index, follow, max-snippet:-1, max-image-preview:large, max-video-preview:-1\" \/>\n<link rel=\"canonical\" href=\"https:\/\/www.jeanlouislaville.fr\/index.php\/2019\/09\/22\/le-travail-une-nouvelle-question-politique\/\" \/>\n<meta property=\"og:locale\" content=\"fr_FR\" \/>\n<meta property=\"og:type\" content=\"article\" \/>\n<meta property=\"og:title\" content=\"Le travail \u2013 une nouvelle question politique - Jean-Louis Laville\" \/>\n<meta property=\"og:description\" content=\"Descl\u00e9e de Brouwer, 2008. Version remani\u00e9e et actualis\u00e9e de Une troisi\u00e8me voie pour le travail (Descl\u00e9e de Brouwer, 1999) \u00ab Gilda je t\u2019aime, \u00e0 bas le travail \u00bb, \u00ab Travailler moins pour travailler tous \u00bb, \u00ab Travailler plus pour gagner plus \u00bb : la succession des formules embl\u00e9matiques t\u00e9moigne du changement d\u2019\u00e9poque.\" \/>\n<meta property=\"og:url\" content=\"https:\/\/www.jeanlouislaville.fr\/index.php\/2019\/09\/22\/le-travail-une-nouvelle-question-politique\/\" \/>\n<meta property=\"og:site_name\" content=\"Jean-Louis Laville\" \/>\n<meta property=\"article:published_time\" content=\"2019-09-22T08:35:36+00:00\" \/>\n<meta property=\"article:modified_time\" content=\"2019-10-10T10:34:50+00:00\" \/>\n<meta property=\"og:image\" content=\"https:\/\/www.jeanlouislaville.fr\/wp-content\/uploads\/2019\/09\/le-travail-une-nouvelle-question-politique-201x300.jpg\" \/>\n\t<meta property=\"og:image:width\" content=\"201\" \/>\n\t<meta property=\"og:image:height\" content=\"300\" \/>\n\t<meta property=\"og:image:type\" content=\"image\/jpeg\" \/>\n<meta name=\"author\" content=\"cecile\" \/>\n<meta name=\"twitter:card\" content=\"summary_large_image\" \/>\n<meta name=\"twitter:creator\" content=\"@jlLaville\" \/>\n<meta name=\"twitter:site\" content=\"@jlLaville\" \/>\n<meta name=\"twitter:label1\" content=\"\u00c9crit par\" \/>\n\t<meta name=\"twitter:data1\" content=\"cecile\" \/>\n\t<meta name=\"twitter:label2\" content=\"Dur\u00e9e de lecture estim\u00e9e\" \/>\n\t<meta name=\"twitter:data2\" content=\"1 minute\" \/>\n<script type=\"application\/ld+json\" class=\"yoast-schema-graph\">{\"@context\":\"https:\/\/schema.org\",\"@graph\":[{\"@type\":\"Article\",\"@id\":\"https:\/\/www.jeanlouislaville.fr\/index.php\/2019\/09\/22\/le-travail-une-nouvelle-question-politique\/#article\",\"isPartOf\":{\"@id\":\"https:\/\/www.jeanlouislaville.fr\/index.php\/2019\/09\/22\/le-travail-une-nouvelle-question-politique\/\"},\"author\":{\"name\":\"cecile\",\"@id\":\"http:\/\/www.jeanlouislaville.fr\/#\/schema\/person\/67e0d1cd258e23e8950f68c116fc6721\"},\"headline\":\"Le travail \u2013 une nouvelle question politique\",\"datePublished\":\"2019-09-22T08:35:36+00:00\",\"dateModified\":\"2019-10-10T10:34:50+00:00\",\"mainEntityOfPage\":{\"@id\":\"https:\/\/www.jeanlouislaville.fr\/index.php\/2019\/09\/22\/le-travail-une-nouvelle-question-politique\/\"},\"wordCount\":194,\"publisher\":{\"@id\":\"http:\/\/www.jeanlouislaville.fr\/#organization\"},\"articleSection\":[\"Socio eco ouvrages\"],\"inLanguage\":\"fr-FR\"},{\"@type\":\"WebPage\",\"@id\":\"https:\/\/www.jeanlouislaville.fr\/index.php\/2019\/09\/22\/le-travail-une-nouvelle-question-politique\/\",\"url\":\"https:\/\/www.jeanlouislaville.fr\/index.php\/2019\/09\/22\/le-travail-une-nouvelle-question-politique\/\",\"name\":\"Le travail \u2013 une nouvelle question politique - Jean-Louis Laville\",\"isPartOf\":{\"@id\":\"http:\/\/www.jeanlouislaville.fr\/#website\"},\"datePublished\":\"2019-09-22T08:35:36+00:00\",\"dateModified\":\"2019-10-10T10:34:50+00:00\",\"breadcrumb\":{\"@id\":\"https:\/\/www.jeanlouislaville.fr\/index.php\/2019\/09\/22\/le-travail-une-nouvelle-question-politique\/#breadcrumb\"},\"inLanguage\":\"fr-FR\",\"potentialAction\":[{\"@type\":\"ReadAction\",\"target\":[\"https:\/\/www.jeanlouislaville.fr\/index.php\/2019\/09\/22\/le-travail-une-nouvelle-question-politique\/\"]}]},{\"@type\":\"BreadcrumbList\",\"@id\":\"https:\/\/www.jeanlouislaville.fr\/index.php\/2019\/09\/22\/le-travail-une-nouvelle-question-politique\/#breadcrumb\",\"itemListElement\":[{\"@type\":\"ListItem\",\"position\":1,\"name\":\"Accueil\",\"item\":\"http:\/\/www.jeanlouislaville.fr\/\"},{\"@type\":\"ListItem\",\"position\":2,\"name\":\"Le travail \u2013 une nouvelle question politique\"}]},{\"@type\":\"WebSite\",\"@id\":\"http:\/\/www.jeanlouislaville.fr\/#website\",\"url\":\"http:\/\/www.jeanlouislaville.fr\/\",\"name\":\"Jean-Louis Laville\",\"description\":\"\u00c9conomie Sociale &amp; Solidaire\",\"publisher\":{\"@id\":\"http:\/\/www.jeanlouislaville.fr\/#organization\"},\"potentialAction\":[{\"@type\":\"SearchAction\",\"target\":{\"@type\":\"EntryPoint\",\"urlTemplate\":\"http:\/\/www.jeanlouislaville.fr\/?s={search_term_string}\"},\"query-input\":\"required name=search_term_string\"}],\"inLanguage\":\"fr-FR\"},{\"@type\":\"Organization\",\"@id\":\"http:\/\/www.jeanlouislaville.fr\/#organization\",\"name\":\"Jean-Louis Laville\",\"url\":\"http:\/\/www.jeanlouislaville.fr\/\",\"logo\":{\"@type\":\"ImageObject\",\"inLanguage\":\"fr-FR\",\"@id\":\"http:\/\/www.jeanlouislaville.fr\/#\/schema\/logo\/image\/\",\"url\":\"http:\/\/www.jeanlouislaville.fr\/wp-content\/uploads\/2019\/10\/logoResponsive.png\",\"contentUrl\":\"http:\/\/www.jeanlouislaville.fr\/wp-content\/uploads\/2019\/10\/logoResponsive.png\",\"width\":630,\"height\":93,\"caption\":\"Jean-Louis Laville\"},\"image\":{\"@id\":\"http:\/\/www.jeanlouislaville.fr\/#\/schema\/logo\/image\/\"},\"sameAs\":[\"https:\/\/twitter.com\/jlLaville\"]},{\"@type\":\"Person\",\"@id\":\"http:\/\/www.jeanlouislaville.fr\/#\/schema\/person\/67e0d1cd258e23e8950f68c116fc6721\",\"name\":\"cecile\",\"image\":{\"@type\":\"ImageObject\",\"inLanguage\":\"fr-FR\",\"@id\":\"http:\/\/www.jeanlouislaville.fr\/#\/schema\/person\/image\/\",\"url\":\"http:\/\/2.gravatar.com\/avatar\/b95c45c53f150671635c5f4393776151?s=96&d=mm&r=g\",\"contentUrl\":\"http:\/\/2.gravatar.com\/avatar\/b95c45c53f150671635c5f4393776151?s=96&d=mm&r=g\",\"caption\":\"cecile\"},\"url\":\"http:\/\/www.jeanlouislaville.fr\/index.php\/author\/cecile\/\"}]}<\/script>\n<!-- \/ Yoast SEO plugin. -->","yoast_head_json":{"title":"Le travail \u2013 une nouvelle question politique - Jean-Louis Laville","robots":{"index":"index","follow":"follow","max-snippet":"max-snippet:-1","max-image-preview":"max-image-preview:large","max-video-preview":"max-video-preview:-1"},"canonical":"https:\/\/www.jeanlouislaville.fr\/index.php\/2019\/09\/22\/le-travail-une-nouvelle-question-politique\/","og_locale":"fr_FR","og_type":"article","og_title":"Le travail \u2013 une nouvelle question politique - Jean-Louis Laville","og_description":"Descl\u00e9e de Brouwer, 2008. Version remani\u00e9e et actualis\u00e9e de Une troisi\u00e8me voie pour le travail (Descl\u00e9e de Brouwer, 1999) \u00ab Gilda je t\u2019aime, \u00e0 bas le travail \u00bb, \u00ab Travailler moins pour travailler tous \u00bb, \u00ab Travailler plus pour gagner plus \u00bb : la succession des formules embl\u00e9matiques t\u00e9moigne du changement d\u2019\u00e9poque.","og_url":"https:\/\/www.jeanlouislaville.fr\/index.php\/2019\/09\/22\/le-travail-une-nouvelle-question-politique\/","og_site_name":"Jean-Louis Laville","article_published_time":"2019-09-22T08:35:36+00:00","article_modified_time":"2019-10-10T10:34:50+00:00","og_image":[{"width":201,"height":300,"url":"https:\/\/www.jeanlouislaville.fr\/wp-content\/uploads\/2019\/09\/le-travail-une-nouvelle-question-politique-201x300.jpg","type":"image\/jpeg"}],"author":"cecile","twitter_card":"summary_large_image","twitter_creator":"@jlLaville","twitter_site":"@jlLaville","twitter_misc":{"\u00c9crit par":"cecile","Dur\u00e9e de lecture estim\u00e9e":"1 minute"},"schema":{"@context":"https:\/\/schema.org","@graph":[{"@type":"Article","@id":"https:\/\/www.jeanlouislaville.fr\/index.php\/2019\/09\/22\/le-travail-une-nouvelle-question-politique\/#article","isPartOf":{"@id":"https:\/\/www.jeanlouislaville.fr\/index.php\/2019\/09\/22\/le-travail-une-nouvelle-question-politique\/"},"author":{"name":"cecile","@id":"http:\/\/www.jeanlouislaville.fr\/#\/schema\/person\/67e0d1cd258e23e8950f68c116fc6721"},"headline":"Le travail \u2013 une nouvelle question politique","datePublished":"2019-09-22T08:35:36+00:00","dateModified":"2019-10-10T10:34:50+00:00","mainEntityOfPage":{"@id":"https:\/\/www.jeanlouislaville.fr\/index.php\/2019\/09\/22\/le-travail-une-nouvelle-question-politique\/"},"wordCount":194,"publisher":{"@id":"http:\/\/www.jeanlouislaville.fr\/#organization"},"articleSection":["Socio eco ouvrages"],"inLanguage":"fr-FR"},{"@type":"WebPage","@id":"https:\/\/www.jeanlouislaville.fr\/index.php\/2019\/09\/22\/le-travail-une-nouvelle-question-politique\/","url":"https:\/\/www.jeanlouislaville.fr\/index.php\/2019\/09\/22\/le-travail-une-nouvelle-question-politique\/","name":"Le travail \u2013 une nouvelle question politique - Jean-Louis Laville","isPartOf":{"@id":"http:\/\/www.jeanlouislaville.fr\/#website"},"datePublished":"2019-09-22T08:35:36+00:00","dateModified":"2019-10-10T10:34:50+00:00","breadcrumb":{"@id":"https:\/\/www.jeanlouislaville.fr\/index.php\/2019\/09\/22\/le-travail-une-nouvelle-question-politique\/#breadcrumb"},"inLanguage":"fr-FR","potentialAction":[{"@type":"ReadAction","target":["https:\/\/www.jeanlouislaville.fr\/index.php\/2019\/09\/22\/le-travail-une-nouvelle-question-politique\/"]}]},{"@type":"BreadcrumbList","@id":"https:\/\/www.jeanlouislaville.fr\/index.php\/2019\/09\/22\/le-travail-une-nouvelle-question-politique\/#breadcrumb","itemListElement":[{"@type":"ListItem","position":1,"name":"Accueil","item":"http:\/\/www.jeanlouislaville.fr\/"},{"@type":"ListItem","position":2,"name":"Le travail \u2013 une nouvelle question politique"}]},{"@type":"WebSite","@id":"http:\/\/www.jeanlouislaville.fr\/#website","url":"http:\/\/www.jeanlouislaville.fr\/","name":"Jean-Louis Laville","description":"\u00c9conomie Sociale &amp; Solidaire","publisher":{"@id":"http:\/\/www.jeanlouislaville.fr\/#organization"},"potentialAction":[{"@type":"SearchAction","target":{"@type":"EntryPoint","urlTemplate":"http:\/\/www.jeanlouislaville.fr\/?s={search_term_string}"},"query-input":"required name=search_term_string"}],"inLanguage":"fr-FR"},{"@type":"Organization","@id":"http:\/\/www.jeanlouislaville.fr\/#organization","name":"Jean-Louis Laville","url":"http:\/\/www.jeanlouislaville.fr\/","logo":{"@type":"ImageObject","inLanguage":"fr-FR","@id":"http:\/\/www.jeanlouislaville.fr\/#\/schema\/logo\/image\/","url":"http:\/\/www.jeanlouislaville.fr\/wp-content\/uploads\/2019\/10\/logoResponsive.png","contentUrl":"http:\/\/www.jeanlouislaville.fr\/wp-content\/uploads\/2019\/10\/logoResponsive.png","width":630,"height":93,"caption":"Jean-Louis Laville"},"image":{"@id":"http:\/\/www.jeanlouislaville.fr\/#\/schema\/logo\/image\/"},"sameAs":["https:\/\/twitter.com\/jlLaville"]},{"@type":"Person","@id":"http:\/\/www.jeanlouislaville.fr\/#\/schema\/person\/67e0d1cd258e23e8950f68c116fc6721","name":"cecile","image":{"@type":"ImageObject","inLanguage":"fr-FR","@id":"http:\/\/www.jeanlouislaville.fr\/#\/schema\/person\/image\/","url":"http:\/\/2.gravatar.com\/avatar\/b95c45c53f150671635c5f4393776151?s=96&d=mm&r=g","contentUrl":"http:\/\/2.gravatar.com\/avatar\/b95c45c53f150671635c5f4393776151?s=96&d=mm&r=g","caption":"cecile"},"url":"http:\/\/www.jeanlouislaville.fr\/index.php\/author\/cecile\/"}]}},"_links":{"self":[{"href":"http:\/\/www.jeanlouislaville.fr\/index.php\/wp-json\/wp\/v2\/posts\/772"}],"collection":[{"href":"http:\/\/www.jeanlouislaville.fr\/index.php\/wp-json\/wp\/v2\/posts"}],"about":[{"href":"http:\/\/www.jeanlouislaville.fr\/index.php\/wp-json\/wp\/v2\/types\/post"}],"author":[{"embeddable":true,"href":"http:\/\/www.jeanlouislaville.fr\/index.php\/wp-json\/wp\/v2\/users\/2"}],"replies":[{"embeddable":true,"href":"http:\/\/www.jeanlouislaville.fr\/index.php\/wp-json\/wp\/v2\/comments?post=772"}],"version-history":[{"count":4,"href":"http:\/\/www.jeanlouislaville.fr\/index.php\/wp-json\/wp\/v2\/posts\/772\/revisions"}],"predecessor-version":[{"id":1718,"href":"http:\/\/www.jeanlouislaville.fr\/index.php\/wp-json\/wp\/v2\/posts\/772\/revisions\/1718"}],"wp:featuredmedia":[{"embeddable":true,"href":"http:\/\/www.jeanlouislaville.fr\/index.php\/wp-json\/wp\/v2\/media\/774"}],"wp:attachment":[{"href":"http:\/\/www.jeanlouislaville.fr\/index.php\/wp-json\/wp\/v2\/media?parent=772"}],"wp:term":[{"taxonomy":"category","embeddable":true,"href":"http:\/\/www.jeanlouislaville.fr\/index.php\/wp-json\/wp\/v2\/categories?post=772"},{"taxonomy":"post_tag","embeddable":true,"href":"http:\/\/www.jeanlouislaville.fr\/index.php\/wp-json\/wp\/v2\/tags?post=772"}],"curies":[{"name":"wp","href":"https:\/\/api.w.org\/{rel}","templated":true}]}}