{"id":749,"date":"2019-09-22T08:15:59","date_gmt":"2019-09-22T08:15:59","guid":{"rendered":"http:\/\/www.jeanlouislaville.fr\/?p=749"},"modified":"2019-10-10T10:28:34","modified_gmt":"2019-10-10T10:28:34","slug":"economie-des-services-de-proximite","status":"publish","type":"post","link":"http:\/\/www.jeanlouislaville.fr\/index.php\/2019\/09\/22\/economie-des-services-de-proximite\/","title":{"rendered":"\u00c9conomie des services de proximit\u00e9"},"content":{"rendered":"\n<p>Avec B. Colin et L. Gardin<br>Rapport final de l\u2019\u00e9tude r\u00e9alis\u00e9e pour l\u2019UNFOHLM et le Plan construction architecture avec le concours de la Caisse des d\u00e9p\u00f4ts et consignations, 1995, CRIDA<br><br>Cette \u00e9tude se situe dans une conjoncture caract\u00e9ris\u00e9e par la multiplication des initiatives en mati\u00e8re de services de proximit\u00e9. <\/p>\n\n\n\n<!--more-->\n\n\n\n<p>Elle a pour objectif de d\u00e9terminer, \u00e0 partir des exp\u00e9riences existantes, des normes d\u2019investissement et de fonctionnement pour des services de proximit\u00e9 dans les quartiers d\u2019habitat social sur diff\u00e9rents champs d\u2019activit\u00e9.Cette \u00e9tude r\u00e9alis\u00e9e, \u00e0 la demande de l\u2019UNFOHLM et du Plan Construction Architecture, \u00e0 partir d\u2019exp\u00e9riences existantes, fournit un certain nombre de rep\u00e8res financiers susceptibles \u00e0 la fois d\u2019alimenter la r\u00e9flexion des organismes d\u2019HLM et d\u2019aider ceux d\u2019entre eux qui souhaiteraient promouvoir des projets. Elle s\u2019inscrit pleinement dans la perspective d\u2019une n\u00e9cessaire clarification du sujet et de l\u2019\u00e9laboration d\u2019un projet professionnel du Mouvement HLM pour les ann\u00e9es \u00e0 venir.<\/p>\n","protected":false},"excerpt":{"rendered":"<p>Avec B. Colin et L. GardinRapport final de l\u2019\u00e9tude r\u00e9alis\u00e9e pour l\u2019UNFOHLM et le Plan construction architecture avec le concours de la Caisse des d\u00e9p\u00f4ts et consignations, 1995, CRIDA Cette \u00e9tude se situe dans une conjoncture caract\u00e9ris\u00e9e par la multiplication des initiatives en mati\u00e8re de services de proximit\u00e9.<\/p>\n","protected":false},"author":2,"featured_media":750,"comment_status":"closed","ping_status":"closed","sticky":false,"template":"","format":"standard","meta":{"_et_pb_use_builder":"off","_et_pb_old_content":"","_et_gb_content_width":"","footnotes":"","twitterCardType":"","cardImageID":0,"cardImage":"","cardTitle":"","cardDesc":"","cardImageAlt":"","cardPlayer":"","cardPlayerWidth":0,"cardPlayerHeight":0,"cardPlayerStream":"","cardPlayerCodec":""},"categories":[18,21],"tags":[],"yoast_head":"<!-- This site is optimized with the Yoast SEO plugin v21.9.1 - https:\/\/yoast.com\/wordpress\/plugins\/seo\/ -->\n<title>\u00c9conomie des services de proximit\u00e9 - Jean-Louis Laville<\/title>\n<meta name=\"robots\" content=\"index, follow, max-snippet:-1, max-image-preview:large, max-video-preview:-1\" \/>\n<link rel=\"canonical\" href=\"http:\/\/www.jeanlouislaville.fr\/index.php\/2019\/09\/22\/economie-des-services-de-proximite\/\" \/>\n<meta property=\"og:locale\" content=\"fr_FR\" \/>\n<meta property=\"og:type\" content=\"article\" \/>\n<meta property=\"og:title\" content=\"\u00c9conomie des services de proximit\u00e9 - Jean-Louis Laville\" \/>\n<meta property=\"og:description\" content=\"Avec B. Colin et L. GardinRapport final de l\u2019\u00e9tude r\u00e9alis\u00e9e pour l\u2019UNFOHLM et le Plan construction architecture avec le concours de la Caisse des d\u00e9p\u00f4ts et consignations, 1995, CRIDA Cette \u00e9tude se situe dans une conjoncture caract\u00e9ris\u00e9e par la multiplication des initiatives en mati\u00e8re de services de proximit\u00e9.\" \/>\n<meta property=\"og:url\" content=\"http:\/\/www.jeanlouislaville.fr\/index.php\/2019\/09\/22\/economie-des-services-de-proximite\/\" \/>\n<meta property=\"og:site_name\" content=\"Jean-Louis Laville\" \/>\n<meta property=\"article:published_time\" content=\"2019-09-22T08:15:59+00:00\" \/>\n<meta property=\"article:modified_time\" content=\"2019-10-10T10:28:34+00:00\" \/>\n<meta property=\"og:image\" content=\"http:\/\/www.jeanlouislaville.fr\/wp-content\/uploads\/2019\/09\/economie-des-services-de-proximite\u0301-198x300.png\" \/>\n\t<meta property=\"og:image:width\" content=\"198\" \/>\n\t<meta property=\"og:image:height\" content=\"300\" \/>\n\t<meta property=\"og:image:type\" content=\"image\/png\" \/>\n<meta name=\"author\" content=\"cecile\" \/>\n<meta name=\"twitter:card\" content=\"summary_large_image\" \/>\n<meta name=\"twitter:creator\" content=\"@jlLaville\" \/>\n<meta name=\"twitter:site\" content=\"@jlLaville\" \/>\n<meta name=\"twitter:label1\" content=\"\u00c9crit par\" \/>\n\t<meta name=\"twitter:data1\" content=\"cecile\" \/>\n\t<meta name=\"twitter:label2\" content=\"Dur\u00e9e de lecture estim\u00e9e\" \/>\n\t<meta name=\"twitter:data2\" content=\"1 minute\" \/>\n<script type=\"application\/ld+json\" class=\"yoast-schema-graph\">{\"@context\":\"https:\/\/schema.org\",\"@graph\":[{\"@type\":\"Article\",\"@id\":\"http:\/\/www.jeanlouislaville.fr\/index.php\/2019\/09\/22\/economie-des-services-de-proximite\/#article\",\"isPartOf\":{\"@id\":\"http:\/\/www.jeanlouislaville.fr\/index.php\/2019\/09\/22\/economie-des-services-de-proximite\/\"},\"author\":{\"name\":\"cecile\",\"@id\":\"https:\/\/www.jeanlouislaville.fr\/#\/schema\/person\/67e0d1cd258e23e8950f68c116fc6721\"},\"headline\":\"\u00c9conomie des services de proximit\u00e9\",\"datePublished\":\"2019-09-22T08:15:59+00:00\",\"dateModified\":\"2019-10-10T10:28:34+00:00\",\"mainEntityOfPage\":{\"@id\":\"http:\/\/www.jeanlouislaville.fr\/index.php\/2019\/09\/22\/economie-des-services-de-proximite\/\"},\"wordCount\":179,\"publisher\":{\"@id\":\"https:\/\/www.jeanlouislaville.fr\/#organization\"},\"articleSection\":[\"Eco solidaire ouvrages\",\"Socio eco ouvrages\"],\"inLanguage\":\"fr-FR\"},{\"@type\":\"WebPage\",\"@id\":\"http:\/\/www.jeanlouislaville.fr\/index.php\/2019\/09\/22\/economie-des-services-de-proximite\/\",\"url\":\"http:\/\/www.jeanlouislaville.fr\/index.php\/2019\/09\/22\/economie-des-services-de-proximite\/\",\"name\":\"\u00c9conomie des services de proximit\u00e9 - Jean-Louis Laville\",\"isPartOf\":{\"@id\":\"https:\/\/www.jeanlouislaville.fr\/#website\"},\"datePublished\":\"2019-09-22T08:15:59+00:00\",\"dateModified\":\"2019-10-10T10:28:34+00:00\",\"breadcrumb\":{\"@id\":\"http:\/\/www.jeanlouislaville.fr\/index.php\/2019\/09\/22\/economie-des-services-de-proximite\/#breadcrumb\"},\"inLanguage\":\"fr-FR\",\"potentialAction\":[{\"@type\":\"ReadAction\",\"target\":[\"http:\/\/www.jeanlouislaville.fr\/index.php\/2019\/09\/22\/economie-des-services-de-proximite\/\"]}]},{\"@type\":\"BreadcrumbList\",\"@id\":\"http:\/\/www.jeanlouislaville.fr\/index.php\/2019\/09\/22\/economie-des-services-de-proximite\/#breadcrumb\",\"itemListElement\":[{\"@type\":\"ListItem\",\"position\":1,\"name\":\"Accueil\",\"item\":\"https:\/\/www.jeanlouislaville.fr\/\"},{\"@type\":\"ListItem\",\"position\":2,\"name\":\"\u00c9conomie des services de proximit\u00e9\"}]},{\"@type\":\"WebSite\",\"@id\":\"https:\/\/www.jeanlouislaville.fr\/#website\",\"url\":\"https:\/\/www.jeanlouislaville.fr\/\",\"name\":\"Jean-Louis Laville\",\"description\":\"\u00c9conomie Sociale &amp; Solidaire\",\"publisher\":{\"@id\":\"https:\/\/www.jeanlouislaville.fr\/#organization\"},\"potentialAction\":[{\"@type\":\"SearchAction\",\"target\":{\"@type\":\"EntryPoint\",\"urlTemplate\":\"https:\/\/www.jeanlouislaville.fr\/?s={search_term_string}\"},\"query-input\":\"required name=search_term_string\"}],\"inLanguage\":\"fr-FR\"},{\"@type\":\"Organization\",\"@id\":\"https:\/\/www.jeanlouislaville.fr\/#organization\",\"name\":\"Jean-Louis Laville\",\"url\":\"https:\/\/www.jeanlouislaville.fr\/\",\"logo\":{\"@type\":\"ImageObject\",\"inLanguage\":\"fr-FR\",\"@id\":\"https:\/\/www.jeanlouislaville.fr\/#\/schema\/logo\/image\/\",\"url\":\"http:\/\/www.jeanlouislaville.fr\/wp-content\/uploads\/2019\/10\/logoResponsive.png\",\"contentUrl\":\"http:\/\/www.jeanlouislaville.fr\/wp-content\/uploads\/2019\/10\/logoResponsive.png\",\"width\":630,\"height\":93,\"caption\":\"Jean-Louis Laville\"},\"image\":{\"@id\":\"https:\/\/www.jeanlouislaville.fr\/#\/schema\/logo\/image\/\"},\"sameAs\":[\"https:\/\/twitter.com\/jlLaville\"]},{\"@type\":\"Person\",\"@id\":\"https:\/\/www.jeanlouislaville.fr\/#\/schema\/person\/67e0d1cd258e23e8950f68c116fc6721\",\"name\":\"cecile\",\"image\":{\"@type\":\"ImageObject\",\"inLanguage\":\"fr-FR\",\"@id\":\"https:\/\/www.jeanlouislaville.fr\/#\/schema\/person\/image\/\",\"url\":\"http:\/\/2.gravatar.com\/avatar\/b95c45c53f150671635c5f4393776151?s=96&d=mm&r=g\",\"contentUrl\":\"http:\/\/2.gravatar.com\/avatar\/b95c45c53f150671635c5f4393776151?s=96&d=mm&r=g\",\"caption\":\"cecile\"},\"url\":\"http:\/\/www.jeanlouislaville.fr\/index.php\/author\/cecile\/\"}]}<\/script>\n<!-- \/ Yoast SEO plugin. -->","yoast_head_json":{"title":"\u00c9conomie des services de proximit\u00e9 - Jean-Louis Laville","robots":{"index":"index","follow":"follow","max-snippet":"max-snippet:-1","max-image-preview":"max-image-preview:large","max-video-preview":"max-video-preview:-1"},"canonical":"http:\/\/www.jeanlouislaville.fr\/index.php\/2019\/09\/22\/economie-des-services-de-proximite\/","og_locale":"fr_FR","og_type":"article","og_title":"\u00c9conomie des services de proximit\u00e9 - Jean-Louis Laville","og_description":"Avec B. Colin et L. GardinRapport final de l\u2019\u00e9tude r\u00e9alis\u00e9e pour l\u2019UNFOHLM et le Plan construction architecture avec le concours de la Caisse des d\u00e9p\u00f4ts et consignations, 1995, CRIDA Cette \u00e9tude se situe dans une conjoncture caract\u00e9ris\u00e9e par la multiplication des initiatives en mati\u00e8re de services de proximit\u00e9.","og_url":"http:\/\/www.jeanlouislaville.fr\/index.php\/2019\/09\/22\/economie-des-services-de-proximite\/","og_site_name":"Jean-Louis Laville","article_published_time":"2019-09-22T08:15:59+00:00","article_modified_time":"2019-10-10T10:28:34+00:00","og_image":[{"width":198,"height":300,"url":"http:\/\/www.jeanlouislaville.fr\/wp-content\/uploads\/2019\/09\/economie-des-services-de-proximite\u0301-198x300.png","type":"image\/png"}],"author":"cecile","twitter_card":"summary_large_image","twitter_creator":"@jlLaville","twitter_site":"@jlLaville","twitter_misc":{"\u00c9crit par":"cecile","Dur\u00e9e de lecture estim\u00e9e":"1 minute"},"schema":{"@context":"https:\/\/schema.org","@graph":[{"@type":"Article","@id":"http:\/\/www.jeanlouislaville.fr\/index.php\/2019\/09\/22\/economie-des-services-de-proximite\/#article","isPartOf":{"@id":"http:\/\/www.jeanlouislaville.fr\/index.php\/2019\/09\/22\/economie-des-services-de-proximite\/"},"author":{"name":"cecile","@id":"https:\/\/www.jeanlouislaville.fr\/#\/schema\/person\/67e0d1cd258e23e8950f68c116fc6721"},"headline":"\u00c9conomie des services de proximit\u00e9","datePublished":"2019-09-22T08:15:59+00:00","dateModified":"2019-10-10T10:28:34+00:00","mainEntityOfPage":{"@id":"http:\/\/www.jeanlouislaville.fr\/index.php\/2019\/09\/22\/economie-des-services-de-proximite\/"},"wordCount":179,"publisher":{"@id":"https:\/\/www.jeanlouislaville.fr\/#organization"},"articleSection":["Eco solidaire ouvrages","Socio eco ouvrages"],"inLanguage":"fr-FR"},{"@type":"WebPage","@id":"http:\/\/www.jeanlouislaville.fr\/index.php\/2019\/09\/22\/economie-des-services-de-proximite\/","url":"http:\/\/www.jeanlouislaville.fr\/index.php\/2019\/09\/22\/economie-des-services-de-proximite\/","name":"\u00c9conomie des services de proximit\u00e9 - Jean-Louis Laville","isPartOf":{"@id":"https:\/\/www.jeanlouislaville.fr\/#website"},"datePublished":"2019-09-22T08:15:59+00:00","dateModified":"2019-10-10T10:28:34+00:00","breadcrumb":{"@id":"http:\/\/www.jeanlouislaville.fr\/index.php\/2019\/09\/22\/economie-des-services-de-proximite\/#breadcrumb"},"inLanguage":"fr-FR","potentialAction":[{"@type":"ReadAction","target":["http:\/\/www.jeanlouislaville.fr\/index.php\/2019\/09\/22\/economie-des-services-de-proximite\/"]}]},{"@type":"BreadcrumbList","@id":"http:\/\/www.jeanlouislaville.fr\/index.php\/2019\/09\/22\/economie-des-services-de-proximite\/#breadcrumb","itemListElement":[{"@type":"ListItem","position":1,"name":"Accueil","item":"https:\/\/www.jeanlouislaville.fr\/"},{"@type":"ListItem","position":2,"name":"\u00c9conomie des services de proximit\u00e9"}]},{"@type":"WebSite","@id":"https:\/\/www.jeanlouislaville.fr\/#website","url":"https:\/\/www.jeanlouislaville.fr\/","name":"Jean-Louis Laville","description":"\u00c9conomie Sociale &amp; Solidaire","publisher":{"@id":"https:\/\/www.jeanlouislaville.fr\/#organization"},"potentialAction":[{"@type":"SearchAction","target":{"@type":"EntryPoint","urlTemplate":"https:\/\/www.jeanlouislaville.fr\/?s={search_term_string}"},"query-input":"required name=search_term_string"}],"inLanguage":"fr-FR"},{"@type":"Organization","@id":"https:\/\/www.jeanlouislaville.fr\/#organization","name":"Jean-Louis Laville","url":"https:\/\/www.jeanlouislaville.fr\/","logo":{"@type":"ImageObject","inLanguage":"fr-FR","@id":"https:\/\/www.jeanlouislaville.fr\/#\/schema\/logo\/image\/","url":"http:\/\/www.jeanlouislaville.fr\/wp-content\/uploads\/2019\/10\/logoResponsive.png","contentUrl":"http:\/\/www.jeanlouislaville.fr\/wp-content\/uploads\/2019\/10\/logoResponsive.png","width":630,"height":93,"caption":"Jean-Louis Laville"},"image":{"@id":"https:\/\/www.jeanlouislaville.fr\/#\/schema\/logo\/image\/"},"sameAs":["https:\/\/twitter.com\/jlLaville"]},{"@type":"Person","@id":"https:\/\/www.jeanlouislaville.fr\/#\/schema\/person\/67e0d1cd258e23e8950f68c116fc6721","name":"cecile","image":{"@type":"ImageObject","inLanguage":"fr-FR","@id":"https:\/\/www.jeanlouislaville.fr\/#\/schema\/person\/image\/","url":"http:\/\/2.gravatar.com\/avatar\/b95c45c53f150671635c5f4393776151?s=96&d=mm&r=g","contentUrl":"http:\/\/2.gravatar.com\/avatar\/b95c45c53f150671635c5f4393776151?s=96&d=mm&r=g","caption":"cecile"},"url":"http:\/\/www.jeanlouislaville.fr\/index.php\/author\/cecile\/"}]}},"_links":{"self":[{"href":"http:\/\/www.jeanlouislaville.fr\/index.php\/wp-json\/wp\/v2\/posts\/749"}],"collection":[{"href":"http:\/\/www.jeanlouislaville.fr\/index.php\/wp-json\/wp\/v2\/posts"}],"about":[{"href":"http:\/\/www.jeanlouislaville.fr\/index.php\/wp-json\/wp\/v2\/types\/post"}],"author":[{"embeddable":true,"href":"http:\/\/www.jeanlouislaville.fr\/index.php\/wp-json\/wp\/v2\/users\/2"}],"replies":[{"embeddable":true,"href":"http:\/\/www.jeanlouislaville.fr\/index.php\/wp-json\/wp\/v2\/comments?post=749"}],"version-history":[{"count":3,"href":"http:\/\/www.jeanlouislaville.fr\/index.php\/wp-json\/wp\/v2\/posts\/749\/revisions"}],"predecessor-version":[{"id":1713,"href":"http:\/\/www.jeanlouislaville.fr\/index.php\/wp-json\/wp\/v2\/posts\/749\/revisions\/1713"}],"wp:featuredmedia":[{"embeddable":true,"href":"http:\/\/www.jeanlouislaville.fr\/index.php\/wp-json\/wp\/v2\/media\/750"}],"wp:attachment":[{"href":"http:\/\/www.jeanlouislaville.fr\/index.php\/wp-json\/wp\/v2\/media?parent=749"}],"wp:term":[{"taxonomy":"category","embeddable":true,"href":"http:\/\/www.jeanlouislaville.fr\/index.php\/wp-json\/wp\/v2\/categories?post=749"},{"taxonomy":"post_tag","embeddable":true,"href":"http:\/\/www.jeanlouislaville.fr\/index.php\/wp-json\/wp\/v2\/tags?post=749"}],"curies":[{"name":"wp","href":"https:\/\/api.w.org\/{rel}","templated":true}]}}