{"id":736,"date":"2019-09-22T07:50:50","date_gmt":"2019-09-22T07:50:50","guid":{"rendered":"http:\/\/www.jeanlouislaville.fr\/?p=736"},"modified":"2019-10-10T10:22:49","modified_gmt":"2019-10-10T10:22:49","slug":"les-petits-boulots-en-question","status":"publish","type":"post","link":"http:\/\/www.jeanlouislaville.fr\/index.php\/2019\/09\/22\/les-petits-boulots-en-question\/","title":{"rendered":"Les petits boulots en question"},"content":{"rendered":"\n<p>Bernard Eme et Jean-Louis Laville<br>Paris, Syros Alternatives, 1988<\/p>\n\n\n\n<p><\/p>\n\n\n\n<p>Les petits boulots ne d\u00e9fraient plus la chronique. Les voil\u00e0 install\u00e9s sans bruit mais de plein droit sur le march\u00e9 du travail. R\u00e9ponse incontournable \u00e0 l\u2019exclusion sociale pour certains, remise en cause inadmissible des statuts professionnels pour les autres. <\/p>\n\n\n\n<!--more-->\n\n\n\n<p>Et si l\u2019accent mis sur les petits boulots cachait d\u2019autres r\u00e9ponses, plus innovantes, aux d\u00e9fis de la pr\u00e9carit\u00e9 et du ch\u00f4mage?<br>\n Ce livre t\u00e9moigne d\u2019exp\u00e9riences qui cr\u00e9ent des emplois tout en r\u00e9pondant \u00e0 des demandes sociales non satisfaites; elles font \u00e9merger de nouveaux profils d\u2019entrepreneurs fond\u00e9s sur des solidarit\u00e9s locales.<br>\n Au coeur de ce d\u00e9bat, le probl\u00e8me de l\u2019insertion nous oblige \u00e0 repenser les relations entre le social et l\u2019\u00e9conomique. Quand nos hommes politiques sortiront-ils de l\u2019opposition st\u00e9rile: traitement social du ch\u00f4mage \u2013 lib\u00e9ralisme \u00e9conomique ?<\/p>\n","protected":false},"excerpt":{"rendered":"<p>Bernard Eme et Jean-Louis LavilleParis, Syros Alternatives, 1988 Les petits boulots ne d\u00e9fraient plus la chronique. Les voil\u00e0 install\u00e9s sans bruit mais de plein droit sur le march\u00e9 du travail. R\u00e9ponse incontournable \u00e0 l\u2019exclusion sociale pour certains, remise en cause inadmissible des statuts professionnels pour les autres.<\/p>\n","protected":false},"author":2,"featured_media":737,"comment_status":"closed","ping_status":"closed","sticky":false,"template":"","format":"standard","meta":{"_et_pb_use_builder":"off","_et_pb_old_content":"","_et_gb_content_width":"","footnotes":"","twitterCardType":"","cardImageID":0,"cardImage":"","cardTitle":"","cardDesc":"","cardImageAlt":"","cardPlayer":"","cardPlayerWidth":0,"cardPlayerHeight":0,"cardPlayerStream":"","cardPlayerCodec":""},"categories":[18],"tags":[],"yoast_head":"<!-- This site is optimized with the Yoast SEO plugin v21.9.1 - https:\/\/yoast.com\/wordpress\/plugins\/seo\/ -->\n<title>Les petits boulots en question - Jean-Louis Laville<\/title>\n<meta name=\"robots\" content=\"index, follow, max-snippet:-1, max-image-preview:large, max-video-preview:-1\" \/>\n<link rel=\"canonical\" href=\"http:\/\/www.jeanlouislaville.fr\/index.php\/2019\/09\/22\/les-petits-boulots-en-question\/\" \/>\n<meta property=\"og:locale\" content=\"fr_FR\" \/>\n<meta property=\"og:type\" content=\"article\" \/>\n<meta property=\"og:title\" content=\"Les petits boulots en question - Jean-Louis Laville\" \/>\n<meta property=\"og:description\" content=\"Bernard Eme et Jean-Louis LavilleParis, Syros Alternatives, 1988 Les petits boulots ne d\u00e9fraient plus la chronique. Les voil\u00e0 install\u00e9s sans bruit mais de plein droit sur le march\u00e9 du travail. R\u00e9ponse incontournable \u00e0 l\u2019exclusion sociale pour certains, remise en cause inadmissible des statuts professionnels pour les autres.\" \/>\n<meta property=\"og:url\" content=\"http:\/\/www.jeanlouislaville.fr\/index.php\/2019\/09\/22\/les-petits-boulots-en-question\/\" \/>\n<meta property=\"og:site_name\" content=\"Jean-Louis Laville\" \/>\n<meta property=\"article:published_time\" content=\"2019-09-22T07:50:50+00:00\" \/>\n<meta property=\"article:modified_time\" content=\"2019-10-10T10:22:49+00:00\" \/>\n<meta property=\"og:image\" content=\"http:\/\/www.jeanlouislaville.fr\/wp-content\/uploads\/2019\/09\/Les-petits-boulots-en-question-186x300.jpg\" \/>\n\t<meta property=\"og:image:width\" content=\"186\" \/>\n\t<meta property=\"og:image:height\" content=\"300\" \/>\n\t<meta property=\"og:image:type\" content=\"image\/jpeg\" \/>\n<meta name=\"author\" content=\"cecile\" \/>\n<meta name=\"twitter:card\" content=\"summary_large_image\" \/>\n<meta name=\"twitter:creator\" content=\"@jlLaville\" \/>\n<meta name=\"twitter:site\" content=\"@jlLaville\" \/>\n<meta name=\"twitter:label1\" content=\"\u00c9crit par\" \/>\n\t<meta name=\"twitter:data1\" content=\"cecile\" \/>\n\t<meta name=\"twitter:label2\" content=\"Dur\u00e9e de lecture estim\u00e9e\" \/>\n\t<meta name=\"twitter:data2\" content=\"1 minute\" \/>\n<script type=\"application\/ld+json\" class=\"yoast-schema-graph\">{\"@context\":\"https:\/\/schema.org\",\"@graph\":[{\"@type\":\"Article\",\"@id\":\"http:\/\/www.jeanlouislaville.fr\/index.php\/2019\/09\/22\/les-petits-boulots-en-question\/#article\",\"isPartOf\":{\"@id\":\"http:\/\/www.jeanlouislaville.fr\/index.php\/2019\/09\/22\/les-petits-boulots-en-question\/\"},\"author\":{\"name\":\"cecile\",\"@id\":\"https:\/\/www.jeanlouislaville.fr\/#\/schema\/person\/67e0d1cd258e23e8950f68c116fc6721\"},\"headline\":\"Les petits boulots en question\",\"datePublished\":\"2019-09-22T07:50:50+00:00\",\"dateModified\":\"2019-10-10T10:22:49+00:00\",\"mainEntityOfPage\":{\"@id\":\"http:\/\/www.jeanlouislaville.fr\/index.php\/2019\/09\/22\/les-petits-boulots-en-question\/\"},\"wordCount\":158,\"publisher\":{\"@id\":\"https:\/\/www.jeanlouislaville.fr\/#organization\"},\"articleSection\":[\"Eco solidaire ouvrages\"],\"inLanguage\":\"fr-FR\"},{\"@type\":\"WebPage\",\"@id\":\"http:\/\/www.jeanlouislaville.fr\/index.php\/2019\/09\/22\/les-petits-boulots-en-question\/\",\"url\":\"http:\/\/www.jeanlouislaville.fr\/index.php\/2019\/09\/22\/les-petits-boulots-en-question\/\",\"name\":\"Les petits boulots en question - Jean-Louis Laville\",\"isPartOf\":{\"@id\":\"https:\/\/www.jeanlouislaville.fr\/#website\"},\"datePublished\":\"2019-09-22T07:50:50+00:00\",\"dateModified\":\"2019-10-10T10:22:49+00:00\",\"breadcrumb\":{\"@id\":\"http:\/\/www.jeanlouislaville.fr\/index.php\/2019\/09\/22\/les-petits-boulots-en-question\/#breadcrumb\"},\"inLanguage\":\"fr-FR\",\"potentialAction\":[{\"@type\":\"ReadAction\",\"target\":[\"http:\/\/www.jeanlouislaville.fr\/index.php\/2019\/09\/22\/les-petits-boulots-en-question\/\"]}]},{\"@type\":\"BreadcrumbList\",\"@id\":\"http:\/\/www.jeanlouislaville.fr\/index.php\/2019\/09\/22\/les-petits-boulots-en-question\/#breadcrumb\",\"itemListElement\":[{\"@type\":\"ListItem\",\"position\":1,\"name\":\"Accueil\",\"item\":\"https:\/\/www.jeanlouislaville.fr\/\"},{\"@type\":\"ListItem\",\"position\":2,\"name\":\"Les petits boulots en question\"}]},{\"@type\":\"WebSite\",\"@id\":\"https:\/\/www.jeanlouislaville.fr\/#website\",\"url\":\"https:\/\/www.jeanlouislaville.fr\/\",\"name\":\"Jean-Louis Laville\",\"description\":\"\u00c9conomie Sociale &amp; Solidaire\",\"publisher\":{\"@id\":\"https:\/\/www.jeanlouislaville.fr\/#organization\"},\"potentialAction\":[{\"@type\":\"SearchAction\",\"target\":{\"@type\":\"EntryPoint\",\"urlTemplate\":\"https:\/\/www.jeanlouislaville.fr\/?s={search_term_string}\"},\"query-input\":\"required name=search_term_string\"}],\"inLanguage\":\"fr-FR\"},{\"@type\":\"Organization\",\"@id\":\"https:\/\/www.jeanlouislaville.fr\/#organization\",\"name\":\"Jean-Louis Laville\",\"url\":\"https:\/\/www.jeanlouislaville.fr\/\",\"logo\":{\"@type\":\"ImageObject\",\"inLanguage\":\"fr-FR\",\"@id\":\"https:\/\/www.jeanlouislaville.fr\/#\/schema\/logo\/image\/\",\"url\":\"http:\/\/www.jeanlouislaville.fr\/wp-content\/uploads\/2019\/10\/logoResponsive.png\",\"contentUrl\":\"http:\/\/www.jeanlouislaville.fr\/wp-content\/uploads\/2019\/10\/logoResponsive.png\",\"width\":630,\"height\":93,\"caption\":\"Jean-Louis Laville\"},\"image\":{\"@id\":\"https:\/\/www.jeanlouislaville.fr\/#\/schema\/logo\/image\/\"},\"sameAs\":[\"https:\/\/twitter.com\/jlLaville\"]},{\"@type\":\"Person\",\"@id\":\"https:\/\/www.jeanlouislaville.fr\/#\/schema\/person\/67e0d1cd258e23e8950f68c116fc6721\",\"name\":\"cecile\",\"image\":{\"@type\":\"ImageObject\",\"inLanguage\":\"fr-FR\",\"@id\":\"https:\/\/www.jeanlouislaville.fr\/#\/schema\/person\/image\/\",\"url\":\"http:\/\/2.gravatar.com\/avatar\/b95c45c53f150671635c5f4393776151?s=96&d=mm&r=g\",\"contentUrl\":\"http:\/\/2.gravatar.com\/avatar\/b95c45c53f150671635c5f4393776151?s=96&d=mm&r=g\",\"caption\":\"cecile\"},\"url\":\"http:\/\/www.jeanlouislaville.fr\/index.php\/author\/cecile\/\"}]}<\/script>\n<!-- \/ Yoast SEO plugin. -->","yoast_head_json":{"title":"Les petits boulots en question - Jean-Louis Laville","robots":{"index":"index","follow":"follow","max-snippet":"max-snippet:-1","max-image-preview":"max-image-preview:large","max-video-preview":"max-video-preview:-1"},"canonical":"http:\/\/www.jeanlouislaville.fr\/index.php\/2019\/09\/22\/les-petits-boulots-en-question\/","og_locale":"fr_FR","og_type":"article","og_title":"Les petits boulots en question - Jean-Louis Laville","og_description":"Bernard Eme et Jean-Louis LavilleParis, Syros Alternatives, 1988 Les petits boulots ne d\u00e9fraient plus la chronique. Les voil\u00e0 install\u00e9s sans bruit mais de plein droit sur le march\u00e9 du travail. R\u00e9ponse incontournable \u00e0 l\u2019exclusion sociale pour certains, remise en cause inadmissible des statuts professionnels pour les autres.","og_url":"http:\/\/www.jeanlouislaville.fr\/index.php\/2019\/09\/22\/les-petits-boulots-en-question\/","og_site_name":"Jean-Louis Laville","article_published_time":"2019-09-22T07:50:50+00:00","article_modified_time":"2019-10-10T10:22:49+00:00","og_image":[{"width":186,"height":300,"url":"http:\/\/www.jeanlouislaville.fr\/wp-content\/uploads\/2019\/09\/Les-petits-boulots-en-question-186x300.jpg","type":"image\/jpeg"}],"author":"cecile","twitter_card":"summary_large_image","twitter_creator":"@jlLaville","twitter_site":"@jlLaville","twitter_misc":{"\u00c9crit par":"cecile","Dur\u00e9e de lecture estim\u00e9e":"1 minute"},"schema":{"@context":"https:\/\/schema.org","@graph":[{"@type":"Article","@id":"http:\/\/www.jeanlouislaville.fr\/index.php\/2019\/09\/22\/les-petits-boulots-en-question\/#article","isPartOf":{"@id":"http:\/\/www.jeanlouislaville.fr\/index.php\/2019\/09\/22\/les-petits-boulots-en-question\/"},"author":{"name":"cecile","@id":"https:\/\/www.jeanlouislaville.fr\/#\/schema\/person\/67e0d1cd258e23e8950f68c116fc6721"},"headline":"Les petits boulots en question","datePublished":"2019-09-22T07:50:50+00:00","dateModified":"2019-10-10T10:22:49+00:00","mainEntityOfPage":{"@id":"http:\/\/www.jeanlouislaville.fr\/index.php\/2019\/09\/22\/les-petits-boulots-en-question\/"},"wordCount":158,"publisher":{"@id":"https:\/\/www.jeanlouislaville.fr\/#organization"},"articleSection":["Eco solidaire ouvrages"],"inLanguage":"fr-FR"},{"@type":"WebPage","@id":"http:\/\/www.jeanlouislaville.fr\/index.php\/2019\/09\/22\/les-petits-boulots-en-question\/","url":"http:\/\/www.jeanlouislaville.fr\/index.php\/2019\/09\/22\/les-petits-boulots-en-question\/","name":"Les petits boulots en question - Jean-Louis Laville","isPartOf":{"@id":"https:\/\/www.jeanlouislaville.fr\/#website"},"datePublished":"2019-09-22T07:50:50+00:00","dateModified":"2019-10-10T10:22:49+00:00","breadcrumb":{"@id":"http:\/\/www.jeanlouislaville.fr\/index.php\/2019\/09\/22\/les-petits-boulots-en-question\/#breadcrumb"},"inLanguage":"fr-FR","potentialAction":[{"@type":"ReadAction","target":["http:\/\/www.jeanlouislaville.fr\/index.php\/2019\/09\/22\/les-petits-boulots-en-question\/"]}]},{"@type":"BreadcrumbList","@id":"http:\/\/www.jeanlouislaville.fr\/index.php\/2019\/09\/22\/les-petits-boulots-en-question\/#breadcrumb","itemListElement":[{"@type":"ListItem","position":1,"name":"Accueil","item":"https:\/\/www.jeanlouislaville.fr\/"},{"@type":"ListItem","position":2,"name":"Les petits boulots en question"}]},{"@type":"WebSite","@id":"https:\/\/www.jeanlouislaville.fr\/#website","url":"https:\/\/www.jeanlouislaville.fr\/","name":"Jean-Louis Laville","description":"\u00c9conomie Sociale &amp; Solidaire","publisher":{"@id":"https:\/\/www.jeanlouislaville.fr\/#organization"},"potentialAction":[{"@type":"SearchAction","target":{"@type":"EntryPoint","urlTemplate":"https:\/\/www.jeanlouislaville.fr\/?s={search_term_string}"},"query-input":"required name=search_term_string"}],"inLanguage":"fr-FR"},{"@type":"Organization","@id":"https:\/\/www.jeanlouislaville.fr\/#organization","name":"Jean-Louis Laville","url":"https:\/\/www.jeanlouislaville.fr\/","logo":{"@type":"ImageObject","inLanguage":"fr-FR","@id":"https:\/\/www.jeanlouislaville.fr\/#\/schema\/logo\/image\/","url":"http:\/\/www.jeanlouislaville.fr\/wp-content\/uploads\/2019\/10\/logoResponsive.png","contentUrl":"http:\/\/www.jeanlouislaville.fr\/wp-content\/uploads\/2019\/10\/logoResponsive.png","width":630,"height":93,"caption":"Jean-Louis Laville"},"image":{"@id":"https:\/\/www.jeanlouislaville.fr\/#\/schema\/logo\/image\/"},"sameAs":["https:\/\/twitter.com\/jlLaville"]},{"@type":"Person","@id":"https:\/\/www.jeanlouislaville.fr\/#\/schema\/person\/67e0d1cd258e23e8950f68c116fc6721","name":"cecile","image":{"@type":"ImageObject","inLanguage":"fr-FR","@id":"https:\/\/www.jeanlouislaville.fr\/#\/schema\/person\/image\/","url":"http:\/\/2.gravatar.com\/avatar\/b95c45c53f150671635c5f4393776151?s=96&d=mm&r=g","contentUrl":"http:\/\/2.gravatar.com\/avatar\/b95c45c53f150671635c5f4393776151?s=96&d=mm&r=g","caption":"cecile"},"url":"http:\/\/www.jeanlouislaville.fr\/index.php\/author\/cecile\/"}]}},"_links":{"self":[{"href":"http:\/\/www.jeanlouislaville.fr\/index.php\/wp-json\/wp\/v2\/posts\/736"}],"collection":[{"href":"http:\/\/www.jeanlouislaville.fr\/index.php\/wp-json\/wp\/v2\/posts"}],"about":[{"href":"http:\/\/www.jeanlouislaville.fr\/index.php\/wp-json\/wp\/v2\/types\/post"}],"author":[{"embeddable":true,"href":"http:\/\/www.jeanlouislaville.fr\/index.php\/wp-json\/wp\/v2\/users\/2"}],"replies":[{"embeddable":true,"href":"http:\/\/www.jeanlouislaville.fr\/index.php\/wp-json\/wp\/v2\/comments?post=736"}],"version-history":[{"count":2,"href":"http:\/\/www.jeanlouislaville.fr\/index.php\/wp-json\/wp\/v2\/posts\/736\/revisions"}],"predecessor-version":[{"id":1709,"href":"http:\/\/www.jeanlouislaville.fr\/index.php\/wp-json\/wp\/v2\/posts\/736\/revisions\/1709"}],"wp:featuredmedia":[{"embeddable":true,"href":"http:\/\/www.jeanlouislaville.fr\/index.php\/wp-json\/wp\/v2\/media\/737"}],"wp:attachment":[{"href":"http:\/\/www.jeanlouislaville.fr\/index.php\/wp-json\/wp\/v2\/media?parent=736"}],"wp:term":[{"taxonomy":"category","embeddable":true,"href":"http:\/\/www.jeanlouislaville.fr\/index.php\/wp-json\/wp\/v2\/categories?post=736"},{"taxonomy":"post_tag","embeddable":true,"href":"http:\/\/www.jeanlouislaville.fr\/index.php\/wp-json\/wp\/v2\/tags?post=736"}],"curies":[{"name":"wp","href":"https:\/\/api.w.org\/{rel}","templated":true}]}}