{"id":2779,"date":"2022-03-07T09:07:28","date_gmt":"2022-03-07T09:07:28","guid":{"rendered":"http:\/\/www.jeanlouislaville.fr\/?p=2779"},"modified":"2022-09-07T08:46:05","modified_gmt":"2022-09-07T08:46:05","slug":"pour-un-travail-social-indiscipline","status":"publish","type":"post","link":"http:\/\/www.jeanlouislaville.fr\/index.php\/2022\/03\/07\/pour-un-travail-social-indiscipline\/","title":{"rendered":"\u201cPour un travail social indisciplin\u00e9\u201d"},"content":{"rendered":"\n<p>Avec Anne Salmon, \u00e9ditions Er\u00e8s, mars 2022.<br>La question sur laquelle se penchent, avec un regard neuf, Jean-Louis Laville et Anne Salmon est de saisir les conditions de l\u00e9gitimit\u00e9 des savoirs exp\u00e9riment\u00e9s et de faire reconna\u00eetre des apports scientifiques r\u00e9sultant des \u00ab\u00a0savoirs d&rsquo;action\u00a0\u00bb. <\/p>\n\n\n\n<!--more-->\n\n\n\n<p>Voil\u00e0 ce qui donne tout son sens \u00e0 cette r\u00e9flexion \u00e9pist\u00e9mologique et constitue l&rsquo;int\u00e9r\u00eat de ce livre, v\u00e9ritable le\u00e7on d&rsquo;optimisme, au moment o\u00f9 tout le monde se plaint de la baisse d&rsquo;attractivit\u00e9 du travail social.<\/p>\n\n\n\n<p>Cet ouvrage peut \u00eatre un levier bienvenu pour la formation des professionnels, \u00e0 plus forte raison si l&rsquo;on consid\u00e8re qu&rsquo;elle n&rsquo;est pas seulement affaire de transmission de savoirs \u00e9tablis, mais qu&rsquo;elle aide \u00e0 forger un esprit critique, favorise l&rsquo;ouverture intellectuelle et contribue aux d\u00e9bats d\u00e9mocratiques que les \u00e9tudiants, formateurs, chercheurs et personnes accompagn\u00e9es sont fond\u00e9s \u00e0 approfondir.\u00a0\u00bb Marcel Jaeger<\/p>\n","protected":false},"excerpt":{"rendered":"<p>Avec Anne Salmon, \u00e9ditions Er\u00e8s, mars 2022.La question sur laquelle se penchent, avec un regard neuf, Jean-Louis Laville et Anne Salmon est de saisir les conditions de l\u00e9gitimit\u00e9 des savoirs exp\u00e9riment\u00e9s et de faire reconna\u00eetre des apports scientifiques r\u00e9sultant des \u00ab\u00a0savoirs d&rsquo;action\u00a0\u00bb.<\/p>\n","protected":false},"author":2,"featured_media":2784,"comment_status":"closed","ping_status":"closed","sticky":false,"template":"","format":"standard","meta":{"_et_pb_use_builder":"","_et_pb_old_content":"","_et_gb_content_width":"","footnotes":"","twitterCardType":"","cardImageID":0,"cardImage":"","cardTitle":"","cardDesc":"","cardImageAlt":"","cardPlayer":"","cardPlayerWidth":0,"cardPlayerHeight":0,"cardPlayerStream":"","cardPlayerCodec":""},"categories":[19,20,1],"tags":[],"yoast_head":"<!-- This site is optimized with the Yoast SEO plugin v21.9.1 - https:\/\/yoast.com\/wordpress\/plugins\/seo\/ -->\n<title>\u201cPour un travail social indisciplin\u00e9\u201d - Jean-Louis Laville<\/title>\n<meta name=\"robots\" content=\"index, follow, max-snippet:-1, max-image-preview:large, max-video-preview:-1\" \/>\n<link rel=\"canonical\" href=\"http:\/\/www.jeanlouislaville.fr\/index.php\/2022\/03\/07\/pour-un-travail-social-indiscipline\/\" \/>\n<meta property=\"og:locale\" content=\"fr_FR\" \/>\n<meta property=\"og:type\" content=\"article\" \/>\n<meta property=\"og:title\" content=\"\u201cPour un travail social indisciplin\u00e9\u201d - Jean-Louis Laville\" \/>\n<meta property=\"og:description\" content=\"Avec Anne Salmon, \u00e9ditions Er\u00e8s, mars 2022.La question sur laquelle se penchent, avec un regard neuf, Jean-Louis Laville et Anne Salmon est de saisir les conditions de l\u00e9gitimit\u00e9 des savoirs exp\u00e9riment\u00e9s et de faire reconna\u00eetre des apports scientifiques r\u00e9sultant des \u00ab\u00a0savoirs d&rsquo;action\u00a0\u00bb.\" \/>\n<meta property=\"og:url\" content=\"http:\/\/www.jeanlouislaville.fr\/index.php\/2022\/03\/07\/pour-un-travail-social-indiscipline\/\" \/>\n<meta property=\"og:site_name\" content=\"Jean-Louis Laville\" \/>\n<meta property=\"article:published_time\" content=\"2022-03-07T09:07:28+00:00\" \/>\n<meta property=\"article:modified_time\" content=\"2022-09-07T08:46:05+00:00\" \/>\n<meta property=\"og:image\" content=\"http:\/\/www.jeanlouislaville.fr\/wp-content\/uploads\/2022\/03\/couv-pour-un-travail-social.jpg\" \/>\n\t<meta property=\"og:image:width\" content=\"315\" \/>\n\t<meta property=\"og:image:height\" content=\"506\" \/>\n\t<meta property=\"og:image:type\" content=\"image\/jpeg\" \/>\n<meta name=\"author\" content=\"cecile\" \/>\n<meta name=\"twitter:card\" content=\"summary_large_image\" \/>\n<meta name=\"twitter:creator\" content=\"@jlLaville\" \/>\n<meta name=\"twitter:site\" content=\"@jlLaville\" \/>\n<meta name=\"twitter:label1\" content=\"\u00c9crit par\" \/>\n\t<meta name=\"twitter:data1\" content=\"cecile\" \/>\n\t<meta name=\"twitter:label2\" content=\"Dur\u00e9e de lecture estim\u00e9e\" \/>\n\t<meta name=\"twitter:data2\" content=\"1 minute\" \/>\n<script type=\"application\/ld+json\" class=\"yoast-schema-graph\">{\"@context\":\"https:\/\/schema.org\",\"@graph\":[{\"@type\":\"Article\",\"@id\":\"http:\/\/www.jeanlouislaville.fr\/index.php\/2022\/03\/07\/pour-un-travail-social-indiscipline\/#article\",\"isPartOf\":{\"@id\":\"http:\/\/www.jeanlouislaville.fr\/index.php\/2022\/03\/07\/pour-un-travail-social-indiscipline\/\"},\"author\":{\"name\":\"cecile\",\"@id\":\"https:\/\/www.jeanlouislaville.fr\/#\/schema\/person\/67e0d1cd258e23e8950f68c116fc6721\"},\"headline\":\"\u201cPour un travail social indisciplin\u00e9\u201d\",\"datePublished\":\"2022-03-07T09:07:28+00:00\",\"dateModified\":\"2022-09-07T08:46:05+00:00\",\"mainEntityOfPage\":{\"@id\":\"http:\/\/www.jeanlouislaville.fr\/index.php\/2022\/03\/07\/pour-un-travail-social-indiscipline\/\"},\"wordCount\":163,\"publisher\":{\"@id\":\"https:\/\/www.jeanlouislaville.fr\/#organization\"},\"articleSection\":[\"Entreprises sociales ouvrages\",\"Innovation sociale ouvrages\",\"Uncategorized\"],\"inLanguage\":\"fr-FR\"},{\"@type\":\"WebPage\",\"@id\":\"http:\/\/www.jeanlouislaville.fr\/index.php\/2022\/03\/07\/pour-un-travail-social-indiscipline\/\",\"url\":\"http:\/\/www.jeanlouislaville.fr\/index.php\/2022\/03\/07\/pour-un-travail-social-indiscipline\/\",\"name\":\"\u201cPour un travail social indisciplin\u00e9\u201d - Jean-Louis Laville\",\"isPartOf\":{\"@id\":\"https:\/\/www.jeanlouislaville.fr\/#website\"},\"datePublished\":\"2022-03-07T09:07:28+00:00\",\"dateModified\":\"2022-09-07T08:46:05+00:00\",\"breadcrumb\":{\"@id\":\"http:\/\/www.jeanlouislaville.fr\/index.php\/2022\/03\/07\/pour-un-travail-social-indiscipline\/#breadcrumb\"},\"inLanguage\":\"fr-FR\",\"potentialAction\":[{\"@type\":\"ReadAction\",\"target\":[\"http:\/\/www.jeanlouislaville.fr\/index.php\/2022\/03\/07\/pour-un-travail-social-indiscipline\/\"]}]},{\"@type\":\"BreadcrumbList\",\"@id\":\"http:\/\/www.jeanlouislaville.fr\/index.php\/2022\/03\/07\/pour-un-travail-social-indiscipline\/#breadcrumb\",\"itemListElement\":[{\"@type\":\"ListItem\",\"position\":1,\"name\":\"Accueil\",\"item\":\"https:\/\/www.jeanlouislaville.fr\/\"},{\"@type\":\"ListItem\",\"position\":2,\"name\":\"\u201cPour un travail social indisciplin\u00e9\u201d\"}]},{\"@type\":\"WebSite\",\"@id\":\"https:\/\/www.jeanlouislaville.fr\/#website\",\"url\":\"https:\/\/www.jeanlouislaville.fr\/\",\"name\":\"Jean-Louis Laville\",\"description\":\"\u00c9conomie Sociale &amp; Solidaire\",\"publisher\":{\"@id\":\"https:\/\/www.jeanlouislaville.fr\/#organization\"},\"potentialAction\":[{\"@type\":\"SearchAction\",\"target\":{\"@type\":\"EntryPoint\",\"urlTemplate\":\"https:\/\/www.jeanlouislaville.fr\/?s={search_term_string}\"},\"query-input\":\"required name=search_term_string\"}],\"inLanguage\":\"fr-FR\"},{\"@type\":\"Organization\",\"@id\":\"https:\/\/www.jeanlouislaville.fr\/#organization\",\"name\":\"Jean-Louis Laville\",\"url\":\"https:\/\/www.jeanlouislaville.fr\/\",\"logo\":{\"@type\":\"ImageObject\",\"inLanguage\":\"fr-FR\",\"@id\":\"https:\/\/www.jeanlouislaville.fr\/#\/schema\/logo\/image\/\",\"url\":\"http:\/\/www.jeanlouislaville.fr\/wp-content\/uploads\/2019\/10\/logoResponsive.png\",\"contentUrl\":\"http:\/\/www.jeanlouislaville.fr\/wp-content\/uploads\/2019\/10\/logoResponsive.png\",\"width\":630,\"height\":93,\"caption\":\"Jean-Louis Laville\"},\"image\":{\"@id\":\"https:\/\/www.jeanlouislaville.fr\/#\/schema\/logo\/image\/\"},\"sameAs\":[\"https:\/\/twitter.com\/jlLaville\"]},{\"@type\":\"Person\",\"@id\":\"https:\/\/www.jeanlouislaville.fr\/#\/schema\/person\/67e0d1cd258e23e8950f68c116fc6721\",\"name\":\"cecile\",\"image\":{\"@type\":\"ImageObject\",\"inLanguage\":\"fr-FR\",\"@id\":\"https:\/\/www.jeanlouislaville.fr\/#\/schema\/person\/image\/\",\"url\":\"http:\/\/2.gravatar.com\/avatar\/b95c45c53f150671635c5f4393776151?s=96&d=mm&r=g\",\"contentUrl\":\"http:\/\/2.gravatar.com\/avatar\/b95c45c53f150671635c5f4393776151?s=96&d=mm&r=g\",\"caption\":\"cecile\"},\"url\":\"http:\/\/www.jeanlouislaville.fr\/index.php\/author\/cecile\/\"}]}<\/script>\n<!-- \/ Yoast SEO plugin. -->","yoast_head_json":{"title":"\u201cPour un travail social indisciplin\u00e9\u201d - Jean-Louis Laville","robots":{"index":"index","follow":"follow","max-snippet":"max-snippet:-1","max-image-preview":"max-image-preview:large","max-video-preview":"max-video-preview:-1"},"canonical":"http:\/\/www.jeanlouislaville.fr\/index.php\/2022\/03\/07\/pour-un-travail-social-indiscipline\/","og_locale":"fr_FR","og_type":"article","og_title":"\u201cPour un travail social indisciplin\u00e9\u201d - Jean-Louis Laville","og_description":"Avec Anne Salmon, \u00e9ditions Er\u00e8s, mars 2022.La question sur laquelle se penchent, avec un regard neuf, Jean-Louis Laville et Anne Salmon est de saisir les conditions de l\u00e9gitimit\u00e9 des savoirs exp\u00e9riment\u00e9s et de faire reconna\u00eetre des apports scientifiques r\u00e9sultant des \u00ab\u00a0savoirs d&rsquo;action\u00a0\u00bb.","og_url":"http:\/\/www.jeanlouislaville.fr\/index.php\/2022\/03\/07\/pour-un-travail-social-indiscipline\/","og_site_name":"Jean-Louis Laville","article_published_time":"2022-03-07T09:07:28+00:00","article_modified_time":"2022-09-07T08:46:05+00:00","og_image":[{"width":315,"height":506,"url":"http:\/\/www.jeanlouislaville.fr\/wp-content\/uploads\/2022\/03\/couv-pour-un-travail-social.jpg","type":"image\/jpeg"}],"author":"cecile","twitter_card":"summary_large_image","twitter_creator":"@jlLaville","twitter_site":"@jlLaville","twitter_misc":{"\u00c9crit par":"cecile","Dur\u00e9e de lecture estim\u00e9e":"1 minute"},"schema":{"@context":"https:\/\/schema.org","@graph":[{"@type":"Article","@id":"http:\/\/www.jeanlouislaville.fr\/index.php\/2022\/03\/07\/pour-un-travail-social-indiscipline\/#article","isPartOf":{"@id":"http:\/\/www.jeanlouislaville.fr\/index.php\/2022\/03\/07\/pour-un-travail-social-indiscipline\/"},"author":{"name":"cecile","@id":"https:\/\/www.jeanlouislaville.fr\/#\/schema\/person\/67e0d1cd258e23e8950f68c116fc6721"},"headline":"\u201cPour un travail social indisciplin\u00e9\u201d","datePublished":"2022-03-07T09:07:28+00:00","dateModified":"2022-09-07T08:46:05+00:00","mainEntityOfPage":{"@id":"http:\/\/www.jeanlouislaville.fr\/index.php\/2022\/03\/07\/pour-un-travail-social-indiscipline\/"},"wordCount":163,"publisher":{"@id":"https:\/\/www.jeanlouislaville.fr\/#organization"},"articleSection":["Entreprises sociales ouvrages","Innovation sociale ouvrages","Uncategorized"],"inLanguage":"fr-FR"},{"@type":"WebPage","@id":"http:\/\/www.jeanlouislaville.fr\/index.php\/2022\/03\/07\/pour-un-travail-social-indiscipline\/","url":"http:\/\/www.jeanlouislaville.fr\/index.php\/2022\/03\/07\/pour-un-travail-social-indiscipline\/","name":"\u201cPour un travail social indisciplin\u00e9\u201d - Jean-Louis Laville","isPartOf":{"@id":"https:\/\/www.jeanlouislaville.fr\/#website"},"datePublished":"2022-03-07T09:07:28+00:00","dateModified":"2022-09-07T08:46:05+00:00","breadcrumb":{"@id":"http:\/\/www.jeanlouislaville.fr\/index.php\/2022\/03\/07\/pour-un-travail-social-indiscipline\/#breadcrumb"},"inLanguage":"fr-FR","potentialAction":[{"@type":"ReadAction","target":["http:\/\/www.jeanlouislaville.fr\/index.php\/2022\/03\/07\/pour-un-travail-social-indiscipline\/"]}]},{"@type":"BreadcrumbList","@id":"http:\/\/www.jeanlouislaville.fr\/index.php\/2022\/03\/07\/pour-un-travail-social-indiscipline\/#breadcrumb","itemListElement":[{"@type":"ListItem","position":1,"name":"Accueil","item":"https:\/\/www.jeanlouislaville.fr\/"},{"@type":"ListItem","position":2,"name":"\u201cPour un travail social indisciplin\u00e9\u201d"}]},{"@type":"WebSite","@id":"https:\/\/www.jeanlouislaville.fr\/#website","url":"https:\/\/www.jeanlouislaville.fr\/","name":"Jean-Louis Laville","description":"\u00c9conomie Sociale &amp; Solidaire","publisher":{"@id":"https:\/\/www.jeanlouislaville.fr\/#organization"},"potentialAction":[{"@type":"SearchAction","target":{"@type":"EntryPoint","urlTemplate":"https:\/\/www.jeanlouislaville.fr\/?s={search_term_string}"},"query-input":"required name=search_term_string"}],"inLanguage":"fr-FR"},{"@type":"Organization","@id":"https:\/\/www.jeanlouislaville.fr\/#organization","name":"Jean-Louis Laville","url":"https:\/\/www.jeanlouislaville.fr\/","logo":{"@type":"ImageObject","inLanguage":"fr-FR","@id":"https:\/\/www.jeanlouislaville.fr\/#\/schema\/logo\/image\/","url":"http:\/\/www.jeanlouislaville.fr\/wp-content\/uploads\/2019\/10\/logoResponsive.png","contentUrl":"http:\/\/www.jeanlouislaville.fr\/wp-content\/uploads\/2019\/10\/logoResponsive.png","width":630,"height":93,"caption":"Jean-Louis Laville"},"image":{"@id":"https:\/\/www.jeanlouislaville.fr\/#\/schema\/logo\/image\/"},"sameAs":["https:\/\/twitter.com\/jlLaville"]},{"@type":"Person","@id":"https:\/\/www.jeanlouislaville.fr\/#\/schema\/person\/67e0d1cd258e23e8950f68c116fc6721","name":"cecile","image":{"@type":"ImageObject","inLanguage":"fr-FR","@id":"https:\/\/www.jeanlouislaville.fr\/#\/schema\/person\/image\/","url":"http:\/\/2.gravatar.com\/avatar\/b95c45c53f150671635c5f4393776151?s=96&d=mm&r=g","contentUrl":"http:\/\/2.gravatar.com\/avatar\/b95c45c53f150671635c5f4393776151?s=96&d=mm&r=g","caption":"cecile"},"url":"http:\/\/www.jeanlouislaville.fr\/index.php\/author\/cecile\/"}]}},"_links":{"self":[{"href":"http:\/\/www.jeanlouislaville.fr\/index.php\/wp-json\/wp\/v2\/posts\/2779"}],"collection":[{"href":"http:\/\/www.jeanlouislaville.fr\/index.php\/wp-json\/wp\/v2\/posts"}],"about":[{"href":"http:\/\/www.jeanlouislaville.fr\/index.php\/wp-json\/wp\/v2\/types\/post"}],"author":[{"embeddable":true,"href":"http:\/\/www.jeanlouislaville.fr\/index.php\/wp-json\/wp\/v2\/users\/2"}],"replies":[{"embeddable":true,"href":"http:\/\/www.jeanlouislaville.fr\/index.php\/wp-json\/wp\/v2\/comments?post=2779"}],"version-history":[{"count":2,"href":"http:\/\/www.jeanlouislaville.fr\/index.php\/wp-json\/wp\/v2\/posts\/2779\/revisions"}],"predecessor-version":[{"id":2785,"href":"http:\/\/www.jeanlouislaville.fr\/index.php\/wp-json\/wp\/v2\/posts\/2779\/revisions\/2785"}],"wp:featuredmedia":[{"embeddable":true,"href":"http:\/\/www.jeanlouislaville.fr\/index.php\/wp-json\/wp\/v2\/media\/2784"}],"wp:attachment":[{"href":"http:\/\/www.jeanlouislaville.fr\/index.php\/wp-json\/wp\/v2\/media?parent=2779"}],"wp:term":[{"taxonomy":"category","embeddable":true,"href":"http:\/\/www.jeanlouislaville.fr\/index.php\/wp-json\/wp\/v2\/categories?post=2779"},{"taxonomy":"post_tag","embeddable":true,"href":"http:\/\/www.jeanlouislaville.fr\/index.php\/wp-json\/wp\/v2\/tags?post=2779"}],"curies":[{"name":"wp","href":"https:\/\/api.w.org\/{rel}","templated":true}]}}