{"id":1055,"date":"2019-09-23T14:03:56","date_gmt":"2019-09-23T14:03:56","guid":{"rendered":"http:\/\/www.jeanlouislaville.fr\/?p=1055"},"modified":"2019-10-10T11:45:42","modified_gmt":"2019-10-10T11:45:42","slug":"cinq-orientations-pour-prolonger-la-reflexion","status":"publish","type":"post","link":"http:\/\/www.jeanlouislaville.fr\/index.php\/2019\/09\/23\/cinq-orientations-pour-prolonger-la-reflexion\/","title":{"rendered":"Cinq orientations pour prolonger la r\u00e9flexion"},"content":{"rendered":"\n<p>in <em>Pour une autre \u00e9conomie de l&rsquo;art et de la culture<\/em>,<br>sous la direction de Bruno Colin et Arthur Gautier \/ 2010 \/ \u00e9ditions \u00e9r\u00e8s \/ p. 161-166<\/p>\n\n\n\n<!--more-->\n\n\n\n<p><a href=\"http:\/\/www.jeanlouislaville.fr\/wp-content\/uploads\/2019\/09\/pour-une-autre-e\u0301conomie-de-lart-et-de-la-culture.pdf\" target=\"_blank\" rel=\"noreferrer noopener\" aria-label=\"Consulter le PDF. (s\u2019ouvre dans un nouvel onglet)\">Consulter le PDF.<\/a><\/p>\n","protected":false},"excerpt":{"rendered":"<p>in Pour une autre \u00e9conomie de l&rsquo;art et de la culture,sous la direction de Bruno Colin et Arthur Gautier \/ 2010 \/ \u00e9ditions \u00e9r\u00e8s \/ p. 161-166<\/p>\n","protected":false},"author":2,"featured_media":1056,"comment_status":"closed","ping_status":"closed","sticky":false,"template":"","format":"standard","meta":{"_et_pb_use_builder":"off","_et_pb_old_content":"","_et_gb_content_width":"","footnotes":"","twitterCardType":"","cardImageID":0,"cardImage":"","cardTitle":"","cardDesc":"","cardImageAlt":"","cardPlayer":"","cardPlayerWidth":0,"cardPlayerHeight":0,"cardPlayerStream":"","cardPlayerCodec":""},"categories":[31],"tags":[],"yoast_head":"<!-- This site is optimized with the Yoast SEO plugin v21.9.1 - https:\/\/yoast.com\/wordpress\/plugins\/seo\/ -->\n<title>Cinq orientations pour prolonger la r\u00e9flexion - Jean-Louis Laville<\/title>\n<meta name=\"robots\" content=\"index, follow, max-snippet:-1, max-image-preview:large, max-video-preview:-1\" \/>\n<link rel=\"canonical\" href=\"http:\/\/www.jeanlouislaville.fr\/index.php\/2019\/09\/23\/cinq-orientations-pour-prolonger-la-reflexion\/\" \/>\n<meta property=\"og:locale\" content=\"fr_FR\" \/>\n<meta property=\"og:type\" content=\"article\" \/>\n<meta property=\"og:title\" content=\"Cinq orientations pour prolonger la r\u00e9flexion - Jean-Louis Laville\" \/>\n<meta property=\"og:description\" content=\"in Pour une autre \u00e9conomie de l&rsquo;art et de la culture,sous la direction de Bruno Colin et Arthur Gautier \/ 2010 \/ \u00e9ditions \u00e9r\u00e8s \/ p. 161-166\" \/>\n<meta property=\"og:url\" content=\"http:\/\/www.jeanlouislaville.fr\/index.php\/2019\/09\/23\/cinq-orientations-pour-prolonger-la-reflexion\/\" \/>\n<meta property=\"og:site_name\" content=\"Jean-Louis Laville\" \/>\n<meta property=\"article:published_time\" content=\"2019-09-23T14:03:56+00:00\" \/>\n<meta property=\"article:modified_time\" content=\"2019-10-10T11:45:42+00:00\" \/>\n<meta property=\"og:image\" content=\"http:\/\/www.jeanlouislaville.fr\/wp-content\/uploads\/2019\/09\/pour-une-autre-e\u0301conomie-de-lart-et-de-la-culture.jpg\" \/>\n\t<meta property=\"og:image:width\" content=\"1642\" \/>\n\t<meta property=\"og:image:height\" content=\"2601\" \/>\n\t<meta property=\"og:image:type\" content=\"image\/jpeg\" \/>\n<meta name=\"author\" content=\"cecile\" \/>\n<meta name=\"twitter:card\" content=\"summary_large_image\" \/>\n<meta name=\"twitter:creator\" content=\"@jlLaville\" \/>\n<meta name=\"twitter:site\" content=\"@jlLaville\" \/>\n<meta name=\"twitter:label1\" content=\"\u00c9crit par\" \/>\n\t<meta name=\"twitter:data1\" content=\"cecile\" \/>\n<script type=\"application\/ld+json\" class=\"yoast-schema-graph\">{\"@context\":\"https:\/\/schema.org\",\"@graph\":[{\"@type\":\"Article\",\"@id\":\"http:\/\/www.jeanlouislaville.fr\/index.php\/2019\/09\/23\/cinq-orientations-pour-prolonger-la-reflexion\/#article\",\"isPartOf\":{\"@id\":\"http:\/\/www.jeanlouislaville.fr\/index.php\/2019\/09\/23\/cinq-orientations-pour-prolonger-la-reflexion\/\"},\"author\":{\"name\":\"cecile\",\"@id\":\"http:\/\/www.jeanlouislaville.fr\/#\/schema\/person\/67e0d1cd258e23e8950f68c116fc6721\"},\"headline\":\"Cinq orientations pour prolonger la r\u00e9flexion\",\"datePublished\":\"2019-09-23T14:03:56+00:00\",\"dateModified\":\"2019-10-10T11:45:42+00:00\",\"mainEntityOfPage\":{\"@id\":\"http:\/\/www.jeanlouislaville.fr\/index.php\/2019\/09\/23\/cinq-orientations-pour-prolonger-la-reflexion\/\"},\"wordCount\":36,\"publisher\":{\"@id\":\"http:\/\/www.jeanlouislaville.fr\/#organization\"},\"articleSection\":[\"ESS chapitre\"],\"inLanguage\":\"fr-FR\"},{\"@type\":\"WebPage\",\"@id\":\"http:\/\/www.jeanlouislaville.fr\/index.php\/2019\/09\/23\/cinq-orientations-pour-prolonger-la-reflexion\/\",\"url\":\"http:\/\/www.jeanlouislaville.fr\/index.php\/2019\/09\/23\/cinq-orientations-pour-prolonger-la-reflexion\/\",\"name\":\"Cinq orientations pour prolonger la r\u00e9flexion - Jean-Louis Laville\",\"isPartOf\":{\"@id\":\"http:\/\/www.jeanlouislaville.fr\/#website\"},\"datePublished\":\"2019-09-23T14:03:56+00:00\",\"dateModified\":\"2019-10-10T11:45:42+00:00\",\"breadcrumb\":{\"@id\":\"http:\/\/www.jeanlouislaville.fr\/index.php\/2019\/09\/23\/cinq-orientations-pour-prolonger-la-reflexion\/#breadcrumb\"},\"inLanguage\":\"fr-FR\",\"potentialAction\":[{\"@type\":\"ReadAction\",\"target\":[\"http:\/\/www.jeanlouislaville.fr\/index.php\/2019\/09\/23\/cinq-orientations-pour-prolonger-la-reflexion\/\"]}]},{\"@type\":\"BreadcrumbList\",\"@id\":\"http:\/\/www.jeanlouislaville.fr\/index.php\/2019\/09\/23\/cinq-orientations-pour-prolonger-la-reflexion\/#breadcrumb\",\"itemListElement\":[{\"@type\":\"ListItem\",\"position\":1,\"name\":\"Accueil\",\"item\":\"http:\/\/www.jeanlouislaville.fr\/\"},{\"@type\":\"ListItem\",\"position\":2,\"name\":\"Cinq orientations pour prolonger la r\u00e9flexion\"}]},{\"@type\":\"WebSite\",\"@id\":\"http:\/\/www.jeanlouislaville.fr\/#website\",\"url\":\"http:\/\/www.jeanlouislaville.fr\/\",\"name\":\"Jean-Louis Laville\",\"description\":\"\u00c9conomie Sociale &amp; Solidaire\",\"publisher\":{\"@id\":\"http:\/\/www.jeanlouislaville.fr\/#organization\"},\"potentialAction\":[{\"@type\":\"SearchAction\",\"target\":{\"@type\":\"EntryPoint\",\"urlTemplate\":\"http:\/\/www.jeanlouislaville.fr\/?s={search_term_string}\"},\"query-input\":\"required name=search_term_string\"}],\"inLanguage\":\"fr-FR\"},{\"@type\":\"Organization\",\"@id\":\"http:\/\/www.jeanlouislaville.fr\/#organization\",\"name\":\"Jean-Louis Laville\",\"url\":\"http:\/\/www.jeanlouislaville.fr\/\",\"logo\":{\"@type\":\"ImageObject\",\"inLanguage\":\"fr-FR\",\"@id\":\"http:\/\/www.jeanlouislaville.fr\/#\/schema\/logo\/image\/\",\"url\":\"http:\/\/www.jeanlouislaville.fr\/wp-content\/uploads\/2019\/10\/logoResponsive.png\",\"contentUrl\":\"http:\/\/www.jeanlouislaville.fr\/wp-content\/uploads\/2019\/10\/logoResponsive.png\",\"width\":630,\"height\":93,\"caption\":\"Jean-Louis Laville\"},\"image\":{\"@id\":\"http:\/\/www.jeanlouislaville.fr\/#\/schema\/logo\/image\/\"},\"sameAs\":[\"https:\/\/twitter.com\/jlLaville\"]},{\"@type\":\"Person\",\"@id\":\"http:\/\/www.jeanlouislaville.fr\/#\/schema\/person\/67e0d1cd258e23e8950f68c116fc6721\",\"name\":\"cecile\",\"image\":{\"@type\":\"ImageObject\",\"inLanguage\":\"fr-FR\",\"@id\":\"http:\/\/www.jeanlouislaville.fr\/#\/schema\/person\/image\/\",\"url\":\"http:\/\/2.gravatar.com\/avatar\/b95c45c53f150671635c5f4393776151?s=96&d=mm&r=g\",\"contentUrl\":\"http:\/\/2.gravatar.com\/avatar\/b95c45c53f150671635c5f4393776151?s=96&d=mm&r=g\",\"caption\":\"cecile\"},\"url\":\"http:\/\/www.jeanlouislaville.fr\/index.php\/author\/cecile\/\"}]}<\/script>\n<!-- \/ Yoast SEO plugin. -->","yoast_head_json":{"title":"Cinq orientations pour prolonger la r\u00e9flexion - Jean-Louis Laville","robots":{"index":"index","follow":"follow","max-snippet":"max-snippet:-1","max-image-preview":"max-image-preview:large","max-video-preview":"max-video-preview:-1"},"canonical":"http:\/\/www.jeanlouislaville.fr\/index.php\/2019\/09\/23\/cinq-orientations-pour-prolonger-la-reflexion\/","og_locale":"fr_FR","og_type":"article","og_title":"Cinq orientations pour prolonger la r\u00e9flexion - Jean-Louis Laville","og_description":"in Pour une autre \u00e9conomie de l&rsquo;art et de la culture,sous la direction de Bruno Colin et Arthur Gautier \/ 2010 \/ \u00e9ditions \u00e9r\u00e8s \/ p. 161-166","og_url":"http:\/\/www.jeanlouislaville.fr\/index.php\/2019\/09\/23\/cinq-orientations-pour-prolonger-la-reflexion\/","og_site_name":"Jean-Louis Laville","article_published_time":"2019-09-23T14:03:56+00:00","article_modified_time":"2019-10-10T11:45:42+00:00","og_image":[{"width":1642,"height":2601,"url":"http:\/\/www.jeanlouislaville.fr\/wp-content\/uploads\/2019\/09\/pour-une-autre-e\u0301conomie-de-lart-et-de-la-culture.jpg","type":"image\/jpeg"}],"author":"cecile","twitter_card":"summary_large_image","twitter_creator":"@jlLaville","twitter_site":"@jlLaville","twitter_misc":{"\u00c9crit par":"cecile"},"schema":{"@context":"https:\/\/schema.org","@graph":[{"@type":"Article","@id":"http:\/\/www.jeanlouislaville.fr\/index.php\/2019\/09\/23\/cinq-orientations-pour-prolonger-la-reflexion\/#article","isPartOf":{"@id":"http:\/\/www.jeanlouislaville.fr\/index.php\/2019\/09\/23\/cinq-orientations-pour-prolonger-la-reflexion\/"},"author":{"name":"cecile","@id":"http:\/\/www.jeanlouislaville.fr\/#\/schema\/person\/67e0d1cd258e23e8950f68c116fc6721"},"headline":"Cinq orientations pour prolonger la r\u00e9flexion","datePublished":"2019-09-23T14:03:56+00:00","dateModified":"2019-10-10T11:45:42+00:00","mainEntityOfPage":{"@id":"http:\/\/www.jeanlouislaville.fr\/index.php\/2019\/09\/23\/cinq-orientations-pour-prolonger-la-reflexion\/"},"wordCount":36,"publisher":{"@id":"http:\/\/www.jeanlouislaville.fr\/#organization"},"articleSection":["ESS chapitre"],"inLanguage":"fr-FR"},{"@type":"WebPage","@id":"http:\/\/www.jeanlouislaville.fr\/index.php\/2019\/09\/23\/cinq-orientations-pour-prolonger-la-reflexion\/","url":"http:\/\/www.jeanlouislaville.fr\/index.php\/2019\/09\/23\/cinq-orientations-pour-prolonger-la-reflexion\/","name":"Cinq orientations pour prolonger la r\u00e9flexion - Jean-Louis Laville","isPartOf":{"@id":"http:\/\/www.jeanlouislaville.fr\/#website"},"datePublished":"2019-09-23T14:03:56+00:00","dateModified":"2019-10-10T11:45:42+00:00","breadcrumb":{"@id":"http:\/\/www.jeanlouislaville.fr\/index.php\/2019\/09\/23\/cinq-orientations-pour-prolonger-la-reflexion\/#breadcrumb"},"inLanguage":"fr-FR","potentialAction":[{"@type":"ReadAction","target":["http:\/\/www.jeanlouislaville.fr\/index.php\/2019\/09\/23\/cinq-orientations-pour-prolonger-la-reflexion\/"]}]},{"@type":"BreadcrumbList","@id":"http:\/\/www.jeanlouislaville.fr\/index.php\/2019\/09\/23\/cinq-orientations-pour-prolonger-la-reflexion\/#breadcrumb","itemListElement":[{"@type":"ListItem","position":1,"name":"Accueil","item":"http:\/\/www.jeanlouislaville.fr\/"},{"@type":"ListItem","position":2,"name":"Cinq orientations pour prolonger la r\u00e9flexion"}]},{"@type":"WebSite","@id":"http:\/\/www.jeanlouislaville.fr\/#website","url":"http:\/\/www.jeanlouislaville.fr\/","name":"Jean-Louis Laville","description":"\u00c9conomie Sociale &amp; Solidaire","publisher":{"@id":"http:\/\/www.jeanlouislaville.fr\/#organization"},"potentialAction":[{"@type":"SearchAction","target":{"@type":"EntryPoint","urlTemplate":"http:\/\/www.jeanlouislaville.fr\/?s={search_term_string}"},"query-input":"required name=search_term_string"}],"inLanguage":"fr-FR"},{"@type":"Organization","@id":"http:\/\/www.jeanlouislaville.fr\/#organization","name":"Jean-Louis Laville","url":"http:\/\/www.jeanlouislaville.fr\/","logo":{"@type":"ImageObject","inLanguage":"fr-FR","@id":"http:\/\/www.jeanlouislaville.fr\/#\/schema\/logo\/image\/","url":"http:\/\/www.jeanlouislaville.fr\/wp-content\/uploads\/2019\/10\/logoResponsive.png","contentUrl":"http:\/\/www.jeanlouislaville.fr\/wp-content\/uploads\/2019\/10\/logoResponsive.png","width":630,"height":93,"caption":"Jean-Louis Laville"},"image":{"@id":"http:\/\/www.jeanlouislaville.fr\/#\/schema\/logo\/image\/"},"sameAs":["https:\/\/twitter.com\/jlLaville"]},{"@type":"Person","@id":"http:\/\/www.jeanlouislaville.fr\/#\/schema\/person\/67e0d1cd258e23e8950f68c116fc6721","name":"cecile","image":{"@type":"ImageObject","inLanguage":"fr-FR","@id":"http:\/\/www.jeanlouislaville.fr\/#\/schema\/person\/image\/","url":"http:\/\/2.gravatar.com\/avatar\/b95c45c53f150671635c5f4393776151?s=96&d=mm&r=g","contentUrl":"http:\/\/2.gravatar.com\/avatar\/b95c45c53f150671635c5f4393776151?s=96&d=mm&r=g","caption":"cecile"},"url":"http:\/\/www.jeanlouislaville.fr\/index.php\/author\/cecile\/"}]}},"_links":{"self":[{"href":"http:\/\/www.jeanlouislaville.fr\/index.php\/wp-json\/wp\/v2\/posts\/1055"}],"collection":[{"href":"http:\/\/www.jeanlouislaville.fr\/index.php\/wp-json\/wp\/v2\/posts"}],"about":[{"href":"http:\/\/www.jeanlouislaville.fr\/index.php\/wp-json\/wp\/v2\/types\/post"}],"author":[{"embeddable":true,"href":"http:\/\/www.jeanlouislaville.fr\/index.php\/wp-json\/wp\/v2\/users\/2"}],"replies":[{"embeddable":true,"href":"http:\/\/www.jeanlouislaville.fr\/index.php\/wp-json\/wp\/v2\/comments?post=1055"}],"version-history":[{"count":3,"href":"http:\/\/www.jeanlouislaville.fr\/index.php\/wp-json\/wp\/v2\/posts\/1055\/revisions"}],"predecessor-version":[{"id":1792,"href":"http:\/\/www.jeanlouislaville.fr\/index.php\/wp-json\/wp\/v2\/posts\/1055\/revisions\/1792"}],"wp:featuredmedia":[{"embeddable":true,"href":"http:\/\/www.jeanlouislaville.fr\/index.php\/wp-json\/wp\/v2\/media\/1056"}],"wp:attachment":[{"href":"http:\/\/www.jeanlouislaville.fr\/index.php\/wp-json\/wp\/v2\/media?parent=1055"}],"wp:term":[{"taxonomy":"category","embeddable":true,"href":"http:\/\/www.jeanlouislaville.fr\/index.php\/wp-json\/wp\/v2\/categories?post=1055"},{"taxonomy":"post_tag","embeddable":true,"href":"http:\/\/www.jeanlouislaville.fr\/index.php\/wp-json\/wp\/v2\/tags?post=1055"}],"curies":[{"name":"wp","href":"https:\/\/api.w.org\/{rel}","templated":true}]}}